{"id":82,"count":9,"description":"<a href=\"http:\/\/www.lectura.cat\/\">LECXIT<\/a> \u00e9s un programa que t\u00e9 per objectiu incrementar l'\u00e8xit educatiu dels infants a trav\u00e9s del treball per la<strong> millora de la seva comprensi\u00f3 lectora<\/strong>. La clau de LECXIT est\u00e0 en treballar de forma l\u00fadica i amena gr\u00e0cies al voluntariat i a la implicaci\u00f3 de l'entorn dels nens i nenes que participen en el programa. El projecte es va iniciar el curs 2011-2012 i aquest curs es du a terme en m\u00e9s de 150 Punts LECXIT d'arreu de Catalunya.\r\n\r\n<iframe src=\"https:\/\/www.youtube.com\/embed\/XVp5aEYIYvY\" width=\"560\" height=\"315\" frameborder=\"0\"><\/iframe>","link":"https:\/\/agora.xtec.cat\/ceip-camidelmig\/categoria\/lecxit\/","name":"L\u00e8cxit","slug":"lecxit","taxonomy":"category","parent":0,"meta":[],"_links":{"self":[{"href":"https:\/\/agora.xtec.cat\/ceip-camidelmig\/wp-json\/wp\/v2\/categories\/82","targetHints":{"allow":["GET"]}}],"collection":[{"href":"https:\/\/agora.xtec.cat\/ceip-camidelmig\/wp-json\/wp\/v2\/categories"}],"about":[{"href":"https:\/\/agora.xtec.cat\/ceip-camidelmig\/wp-json\/wp\/v2\/taxonomies\/category"}],"wp:post_type":[{"href":"https:\/\/agora.xtec.cat\/ceip-camidelmig\/wp-json\/wp\/v2\/posts?categories=82"}],"curies":[{"name":"wp","href":"https:\/\/api.w.org\/{rel}","templated":true}]}}