{"id":5075,"date":"2022-04-25T13:28:45","date_gmt":"2022-04-25T11:28:45","guid":{"rendered":"https:\/\/agora.xtec.cat\/ceip-calsoler\/?p=5075"},"modified":"2022-06-04T13:15:49","modified_gmt":"2022-06-04T11:15:49","slug":"mobilitat-erasmus-a-italia-amb-els-alumnes-de-6e","status":"publish","type":"post","link":"https:\/\/agora.xtec.cat\/ceip-calsoler\/general\/mobilitat-erasmus-a-italia-amb-els-alumnes-de-6e\/","title":{"rendered":"MOBILITAT ERASMUS + A IT\u00c0LIA AMB ELS ALUMNES DE 6\u00e8!"},"content":{"rendered":"<p>Benvolgudes fam\u00edlies,<\/p>\n<p>Els alumnes de 6\u00e8 han gaudit d&#8217;una de les mobilitats del programa Erasmus + &#8220;Taste of life&#8221;. En aquesta ocasi\u00f3 han anat a It\u00e0lia, on s&#8217;han retrobat amb la resta de pa\u00efsos participants: Gr\u00e8cia, Finl\u00e0ndia, Pol\u00f2nia i Portugal. A l&#8217;escola de Mogliano han desenvolupat tot un seguit d&#8217;activitats en angl\u00e8s relacionades amb els h\u00e0bits de vida saludables.<\/p>\n<p>El programa &#8220;Taste of life&#8221; que es desenvolupa dins de l&#8217;Erasmus + t\u00e9 com a objectiu promoure un estil de vida saludable. Tenint en compte la OMS (Organitzaci\u00f3 Mundial de la Salut), defineix la salut com un estat complert de benestar f\u00edsic, mental i social. En conseq\u00fc\u00e8ncia, m\u00e9s que una vida sana s&#8217;ha de parlar d&#8217;un estil de vida saludable del qual en forma part l&#8217;alimentaci\u00f3, l&#8217;exercici f\u00edsic, el treball, la relaci\u00f3 amb el medi ambient i l&#8217;activitat social.<\/p>\n<p>A continuaci\u00f3 deixem al vostre abast l&#8217;enlla\u00e7 del<strong> diari itali\u00e0<\/strong> i del diari catal\u00e0 <strong>Regi\u00f3 7<\/strong>, fent esmena a la mobilitat Erasmus +:<\/p>\n<p><a href=\"https:\/\/junior.cronachemaceratesi.it\/2022\/04\/06\/lerasmus-a-mogliano-tra-sport-saltarello-e-vimini-segno-di-speranza-nel-futuro\/67349\/\" target=\"_blank\" rel=\"noopener\">ERASMUS A MOGLIANO &#8220;TASTE OF LIFE&#8221;<\/a><\/p>\n<p><a href=\"https:\/\/www.regio7.cat\/societat\/vida-social\/2022\/05\/29\/l-alumnat-l-escola-puigsoler-66650059.html\" target=\"_blank\" rel=\"noopener\">PUBLICACI\u00d3 AL DIARI REGI\u00d3 7 SOBRE L&#8217;ERASMUS<\/a><\/p>\n<p><a href=\"https:\/\/agora.xtec.cat\/ceip-calsoler\/wp-content\/uploads\/usu1499\/2022\/04\/2-2.jpg\"><img loading=\"lazy\" decoding=\"async\" class=\"alignnone size-large wp-image-5078\" src=\"https:\/\/agora.xtec.cat\/ceip-calsoler\/wp-content\/uploads\/usu1499\/2022\/04\/2-2-1024x614.jpg\" alt=\"\" width=\"1024\" height=\"614\" srcset=\"https:\/\/agora.xtec.cat\/ceip-calsoler\/wp-content\/uploads\/usu1499\/2022\/04\/2-2-1024x614.jpg 1024w, https:\/\/agora.xtec.cat\/ceip-calsoler\/wp-content\/uploads\/usu1499\/2022\/04\/2-2-300x180.jpg 300w, https:\/\/agora.xtec.cat\/ceip-calsoler\/wp-content\/uploads\/usu1499\/2022\/04\/2-2-768x460.jpg 768w, https:\/\/agora.xtec.cat\/ceip-calsoler\/wp-content\/uploads\/usu1499\/2022\/04\/2-2.jpg 1068w\" sizes=\"auto, (max-width: 1024px) 100vw, 1024px\" \/><\/a><\/p>\n<p><a href=\"https:\/\/agora.xtec.cat\/ceip-calsoler\/wp-content\/uploads\/usu1499\/2022\/04\/1-1.jpg\"><iframe loading=\"lazy\" src=\"\/\/giphy.com\/embed\/3ohzB3gCsIPAiBDmX6\" width=\"480\" height=\"480\" frameborder=\"0\"><\/iframe><img loading=\"lazy\" decoding=\"async\" class=\"alignnone size-large wp-image-5076\" src=\"https:\/\/agora.xtec.cat\/ceip-calsoler\/wp-content\/uploads\/usu1499\/2022\/04\/1-1-1024x1024.jpg\" alt=\"\" width=\"1024\" height=\"1024\" srcset=\"https:\/\/agora.xtec.cat\/ceip-calsoler\/wp-content\/uploads\/usu1499\/2022\/04\/1-1-1024x1024.jpg 1024w, https:\/\/agora.xtec.cat\/ceip-calsoler\/wp-content\/uploads\/usu1499\/2022\/04\/1-1-300x300.jpg 300w, https:\/\/agora.xtec.cat\/ceip-calsoler\/wp-content\/uploads\/usu1499\/2022\/04\/1-1-150x150.jpg 150w, https:\/\/agora.xtec.cat\/ceip-calsoler\/wp-content\/uploads\/usu1499\/2022\/04\/1-1-768x768.jpg 768w, https:\/\/agora.xtec.cat\/ceip-calsoler\/wp-content\/uploads\/usu1499\/2022\/04\/1-1.jpg 1512w\" sizes=\"auto, (max-width: 1024px) 100vw, 1024px\" \/><\/a><\/p>\n","protected":false},"excerpt":{"rendered":"<p>Benvolgudes fam\u00edlies, Els alumnes de 6\u00e8 han gaudit d&#8217;una de les mobilitats del programa Erasmus + &#8220;Taste of life&#8221;. En aquesta ocasi\u00f3 han anat a It\u00e0lia, on s&#8217;han retrobat amb la resta de pa\u00efsos participants: Gr\u00e8cia, Finl\u00e0ndia, Pol\u00f2nia i Portugal. A l&#8217;escola de Mogliano han desenvolupat tot un seguit d&#8217;activitats en angl\u00e8s relacionades amb els [&hellip;]<\/p>\n","protected":false},"author":1,"featured_media":5076,"comment_status":"closed","ping_status":"closed","sticky":false,"template":"","format":"standard","meta":{"_bbp_topic_count":0,"_bbp_reply_count":0,"_bbp_total_topic_count":0,"_bbp_total_reply_count":0,"_bbp_voice_count":0,"_bbp_anonymous_reply_count":0,"_bbp_topic_count_hidden":0,"_bbp_reply_count_hidden":0,"_bbp_forum_subforum_count":0,"site-sidebar-layout":"default","site-content-layout":"","ast-site-content-layout":"","site-content-style":"default","site-sidebar-style":"default","ast-global-header-display":"","ast-banner-title-visibility":"","ast-main-header-display":"","ast-hfb-above-header-display":"","ast-hfb-below-header-display":"","ast-hfb-mobile-header-display":"","site-post-title":"","ast-breadcrumbs-content":"","ast-featured-img":"","footer-sml-layout":"","theme-transparent-header-meta":"","adv-header-id-meta":"","stick-header-meta":"","header-above-stick-meta":"","header-main-stick-meta":"","header-below-stick-meta":"","astra-migrate-meta-layouts":"default","ast-page-background-enabled":"default","ast-page-background-meta":{"desktop":{"background-color":"var(--ast-global-color-4)","background-image":"","background-repeat":"repeat","background-position":"center center","background-size":"auto","background-attachment":"scroll","background-type":"","background-media":"","overlay-type":"","overlay-color":"","overlay-opacity":"","overlay-gradient":""},"tablet":{"background-color":"","background-image":"","background-repeat":"repeat","background-position":"center center","background-size":"auto","background-attachment":"scroll","background-type":"","background-media":"","overlay-type":"","overlay-color":"","overlay-opacity":"","overlay-gradient":""},"mobile":{"background-color":"","background-image":"","background-repeat":"repeat","background-position":"center center","background-size":"auto","background-attachment":"scroll","background-type":"","background-media":"","overlay-type":"","overlay-color":"","overlay-opacity":"","overlay-gradient":""}},"ast-content-background-meta":{"desktop":{"background-color":"var(--ast-global-color-5)","background-image":"","background-repeat":"repeat","background-position":"center center","background-size":"auto","background-attachment":"scroll","background-type":"","background-media":"","overlay-type":"","overlay-color":"","overlay-opacity":"","overlay-gradient":""},"tablet":{"background-color":"var(--ast-global-color-5)","background-image":"","background-repeat":"repeat","background-position":"center center","background-size":"auto","background-attachment":"scroll","background-type":"","background-media":"","overlay-type":"","overlay-color":"","overlay-opacity":"","overlay-gradient":""},"mobile":{"background-color":"var(--ast-global-color-5)","background-image":"","background-repeat":"repeat","background-position":"center center","background-size":"auto","background-attachment":"scroll","background-type":"","background-media":"","overlay-type":"","overlay-color":"","overlay-opacity":"","overlay-gradient":""}},"footnotes":""},"categories":[1,2,4,5],"tags":[],"class_list":["post-5075","post","type-post","status-publish","format-standard","has-post-thumbnail","hentry","category-general","category-infantil","category-portada","category-primaria"],"post_mailing_queue_ids":[],"_links":{"self":[{"href":"https:\/\/agora.xtec.cat\/ceip-calsoler\/wp-json\/wp\/v2\/posts\/5075","targetHints":{"allow":["GET"]}}],"collection":[{"href":"https:\/\/agora.xtec.cat\/ceip-calsoler\/wp-json\/wp\/v2\/posts"}],"about":[{"href":"https:\/\/agora.xtec.cat\/ceip-calsoler\/wp-json\/wp\/v2\/types\/post"}],"author":[{"embeddable":true,"href":"https:\/\/agora.xtec.cat\/ceip-calsoler\/wp-json\/wp\/v2\/users\/1"}],"replies":[{"embeddable":true,"href":"https:\/\/agora.xtec.cat\/ceip-calsoler\/wp-json\/wp\/v2\/comments?post=5075"}],"version-history":[{"count":3,"href":"https:\/\/agora.xtec.cat\/ceip-calsoler\/wp-json\/wp\/v2\/posts\/5075\/revisions"}],"predecessor-version":[{"id":5179,"href":"https:\/\/agora.xtec.cat\/ceip-calsoler\/wp-json\/wp\/v2\/posts\/5075\/revisions\/5179"}],"wp:featuredmedia":[{"embeddable":true,"href":"https:\/\/agora.xtec.cat\/ceip-calsoler\/wp-json\/wp\/v2\/media\/5076"}],"wp:attachment":[{"href":"https:\/\/agora.xtec.cat\/ceip-calsoler\/wp-json\/wp\/v2\/media?parent=5075"}],"wp:term":[{"taxonomy":"category","embeddable":true,"href":"https:\/\/agora.xtec.cat\/ceip-calsoler\/wp-json\/wp\/v2\/categories?post=5075"},{"taxonomy":"post_tag","embeddable":true,"href":"https:\/\/agora.xtec.cat\/ceip-calsoler\/wp-json\/wp\/v2\/tags?post=5075"}],"curies":[{"name":"wp","href":"https:\/\/api.w.org\/{rel}","templated":true}]}}