{"id":901,"date":"2017-05-05T13:55:57","date_gmt":"2017-05-05T11:55:57","guid":{"rendered":"http:\/\/agora.xtec.cat\/ceip-benviure\/?p=901"},"modified":"2026-03-27T15:56:37","modified_gmt":"2026-03-27T14:56:37","slug":"afa","status":"publish","type":"post","link":"https:\/\/agora.xtec.cat\/ceip-benviure\/afa\/afa\/","title":{"rendered":"AFA"},"content":{"rendered":"<p><strong><a href=\"https:\/\/agora.xtec.cat\/ceip-benviure\/categoria\/afa\/\"><span style=\"font-size: 24pt;\">AFA WEB \u2190<\/span><\/a><\/strong><\/p>\n<p><a href=\"https:\/\/www.instagram.com\/afa_benviure\/\"><span style=\"font-size: 24pt;\"><strong>AFA INSTAGRAM \u2190<\/strong><\/span><\/a><\/p>\n<p><span style=\"font-weight: 400;\">Per contactar amb l\u2019AFA, ens podeu fer arribar un correu electr\u00f2nic a <\/span><a href=\"mailto:afaescolabenviure@gmail.com\"><span style=\"font-weight: 400;\">afaescolabenviure@gmail.com<\/span><\/a><\/p>\n<p><span style=\"background-color: #ccffcc;\"><b>L\u2019AFA Benviure, al servei dels infants i les fam\u00edlies de l\u2019escola<\/b><\/span><\/p>\n<p><span style=\"font-weight: 400;\">L\u2019<\/span><b>Associaci\u00f3 de Fam\u00edlies d\u2019Alumnes de l\u2019Escola Benviure som un equip de<\/b> <b>mares i pares de nens i nenes <\/b><span style=\"font-weight: 400;\">que organitzem activitats durant tot el curs. Som persones volunt\u00e0ries, que <\/span><b>treballem<\/b><span style=\"font-weight: 400;\"> amb el conjunt de fam\u00edlies i el col\u00b7lectiu de docents <\/span><b>per contribuir a<\/b> <b>millorar la qualitat de l\u2019educaci\u00f3 i l\u2019entorn del centre<\/b><span style=\"font-weight: 400;\">.<\/span><\/p>\n<p><span style=\"font-weight: 400;\">Les AFA s\u00f3n <\/span><b>associacions sense \u00e0nim de lucre, reconegudes legalment<\/b><span style=\"font-weight: 400;\">, que apleguen fam\u00edlies d\u2019alumnes dels centres educatius i que treballen en col\u00b7laboraci\u00f3 amb la comunitat educativa <\/span><b>per un sistema d\u2019educaci\u00f3 p\u00fablic, inclusiu, gratu\u00eft i de qualitat<\/b><span style=\"font-weight: 400;\">. Aquest \u00e9s l\u2019objectiu de l\u2019<\/span><b>aFFac<\/b><span style=\"font-weight: 400;\">, les associacions federades de fam\u00edlies d\u2019alumnes de Catalunya, i tamb\u00e9 de l\u2019<\/span><b>AFA Benviure, una de les m\u00e9s de 2.400 associacions que en formem part<\/b><span style=\"font-weight: 400;\">, repartides en m\u00e9s de 750 municipis i que representen prop de 600.000 fam\u00edlies.<\/span><\/p>\n<p><span style=\"font-weight: 400;\">A l\u2019Escola Benviure de Sant Boi de Llobregat, hi ha m\u00e9s de 400 infants d\u2019unes 310 fam\u00edlies. Actualment <\/span><b>216 fam\u00edlies formen part de l\u2019AFA com a s\u00f2cies<\/b><span style=\"font-weight: 400;\">. La nostra AFA treballa activament des de fa anys colze a colze amb l\u2019escola per aconseguir <\/span><b>millores per a les nostres fam\u00edlies i infants<\/b><span style=\"font-weight: 400;\">. En s\u00f3n bons exemples la gesti\u00f3 de l\u2019<\/span><b>Espai migdia<\/b><span style=\"font-weight: 400;\">, en qu\u00e8 es va aconseguir passar <\/span><b>de servei de c\u00e0tering a tenir cuina pr\u00f2pia<\/b><span style=\"font-weight: 400;\">, i del <\/span><b>casal d\u2019estiu<\/b><span style=\"font-weight: 400;\">, l\u2019\u00fanic del municipi que est\u00e0 <\/span><b>gestionat 100% per l\u2019AFA<\/b><span style=\"font-weight: 400;\"> i que gr\u00e0cies a la lluita de les representants de la nostra associaci\u00f3 disposa de <\/span><b>suport de l\u2019Ajuntament per als infants amb necessitats espec\u00edfiques de suport educatiu<\/b><span style=\"font-weight: 400;\"> (NESE).<\/span><\/p>\n<p><b>L\u2019AFA \u00e9s la veu de les fam\u00edlies i t\u00e9 un paper important en la vida del centre<\/b><span style=\"font-weight: 400;\">, tant a l\u2019hora de col\u00b7laborar amb la direcci\u00f3 i l\u2019equip docent per tractar temes que afecten tot el col\u00b7lectiu de fam\u00edlies, com per dinamitzar les activitats de l\u2019escola i promoure projectes complementaris, a m\u00e9s de fomentar el treball en xarxa amb altres agents educatius.<\/span><\/p>\n<p><span style=\"font-weight: 400;\">I <\/span><b>per aix\u00f2 \u00e9s molt important la participaci\u00f3 de totes les fam\u00edlies<\/b><span style=\"font-weight: 400;\">, cadascuna amb l\u2019aportaci\u00f3 que pugui fer en cada moment. El primer pas per implicar-s\u2019hi \u00e9s la quota m\u00ednima per ser socis de l\u2019AFA, de 25 euros a l\u2019any per fam\u00edlia. I, a partir d\u2019aqu\u00ed, es pot continuar amb la nostra dedicaci\u00f3 i col\u00b7laboraci\u00f3, ja que \u00e9s una feina volunt\u00e0ria i no sempre \u00e9s f\u00e0cil tenir disponibilitat per dur a terme les activitats organitzades per l\u2019AFA durant tot el curs, i\u00a0 per emprendre nous projectes que puguin sorgir d\u2019infants, fam\u00edlies o equip docent. Si voleu formar part de l\u2019AFA o fer-nos arribar qualsevol opini\u00f3 o suggeriment, escriviu-nos a <\/span><a href=\"mailto:afaescolabenviure@gmail.com\"><span style=\"font-weight: 400;\">afaescolabenviure@gmail.com<\/span><\/a><span style=\"font-weight: 400;\">.\u00a0<\/span><\/p>\n<p><b>Diversitat i inclusi\u00f3, festes i esdeveniments, Espai migdia i Espai bon dia (servei d\u2019acollida), extraescolars, casal d\u2019estiu, alimentaci\u00f3 i higiene<\/b><span style=\"font-weight: 400;\">. S\u00f3n equips de treball que ja funcionen, en els quals la vostra participaci\u00f3 ser\u00e0 benvinguda. D\u2019aquesta manera, farem possible donar suport a celebracions com la <\/span><b>Castanyada, Nadal, Carnaval i Sant Jordi<\/b><span style=\"font-weight: 400;\">; participar en activitats solid\u00e0ries com <\/span><b>La Marat\u00f3<\/b><span style=\"font-weight: 400;\"> de 3Cat, en programes d\u2019h\u00e0bits saludables com el <\/span><b>SantBoiS\u00e0<\/b><span style=\"font-weight: 400;\"> i en l\u2019organitzaci\u00f3 de la <\/span><b>festa de final de curs<\/b><span style=\"font-weight: 400;\">; a m\u00e9s de vetllar pel bon funcionament de<\/span><b> l\u2019Espai bon dia i l\u2019Espai migdia<\/b><span style=\"font-weight: 400;\">, la gesti\u00f3 de les activitats <\/span><b>extraescolars<\/b><span style=\"font-weight: 400;\"> i el <\/span><b>casal d\u2019estiu<\/b><span style=\"font-weight: 400;\">, i la reivindicaci\u00f3 d\u2019una <\/span><b>escola diversa i inclusiva<\/b><span style=\"font-weight: 400;\"> per a totes les fam\u00edlies.<\/span><\/p>\n<p><span style=\"font-weight: 400;\">Formar part de l\u2019AFA \u00e9s una manera molt valuosa de <\/span><b>contribuir al benestar dels infants i de tota la comunitat educativa<\/b><span style=\"font-weight: 400;\">. <\/span><b>Moltes gr\u00e0cies a totes les persones que ho feu possible! <\/b><span style=\"font-weight: 400;\">Esperem continuar fent pinya i treballar per millorar la nostra escola amb una AFA activa i oberta, que sigui la veu de totes les fam\u00edlies.<\/span><\/p>\n<p><b>ENLLA\u00c7OS RECOMANATS<\/b><\/p>\n<p><b>Educaci\u00f3 i Formaci\u00f3<\/b><span style=\"font-weight: 400;\">. Serveis i tr\u00e0mits del Departament d\u2019Educaci\u00f3 i Formaci\u00f3 Professional<\/span><\/p>\n<p><a href=\"https:\/\/web.gencat.cat\/ca\/ciutadania\/serveis\/educacio-formacio\"><span style=\"font-weight: 400;\">https:\/\/web.gencat.cat\/ca\/ciutadania\/serveis\/educacio-formacio<\/span><\/a><span style=\"font-weight: 400;\">\u00a0<\/span><\/p>\n<p><b>El Men\u00fa del Petit<\/b><span style=\"font-weight: 400;\">. Espai migdia i acollida matinal<\/span><\/p>\n<p><a href=\"https:\/\/elmenudelpetit.es\/\"><span style=\"font-weight: 400;\">https:\/\/elmenudelpetit.es\/<\/span><\/a><span style=\"font-weight: 400;\">\u00a0<\/span><\/p>\n<p><b>aFFaC<\/b><span style=\"font-weight: 400;\">. Associacions Federades de Fam\u00edlies de Catalunya\u00a0<\/span><\/p>\n<p><a href=\"https:\/\/affac.cat\/\"><span style=\"font-weight: 400;\">https:\/\/affac.cat\/<\/span><\/a><\/p>\n<p><b>SuperCampus<\/b><span style=\"font-weight: 400;\">. Plataforma educativa audiovisual impulsada per 3Cat amb el suport del Departament d\u2019Educaci\u00f3<\/span><\/p>\n<p><a href=\"http:\/\/www.supercampus.cat\"><span style=\"font-weight: 400;\">www.supercampus.cat<\/span><\/a><\/p>\n","protected":false},"excerpt":{"rendered":"<p>AFA WEB \u2190 AFA INSTAGRAM \u2190 Per contactar amb l\u2019AFA, ens podeu fer arribar un correu electr\u00f2nic a afaescolabenviure@gmail.com L\u2019AFA Benviure, al servei dels infants i les fam\u00edlies de l\u2019escola L\u2019Associaci\u00f3 de Fam\u00edlies d\u2019Alumnes de l\u2019Escola Benviure som un equip de mares i pares de nens i nenes que organitzem activitats durant tot el curs. [&hellip;]<\/p>\n","protected":false},"author":1,"featured_media":0,"comment_status":"open","ping_status":"closed","sticky":false,"template":"","format":"standard","meta":{"_bbp_topic_count":0,"_bbp_reply_count":0,"_bbp_total_topic_count":0,"_bbp_total_reply_count":0,"_bbp_voice_count":0,"_bbp_anonymous_reply_count":0,"_bbp_topic_count_hidden":0,"_bbp_reply_count_hidden":0,"_bbp_forum_subforum_count":0,"site-sidebar-layout":"default","site-content-layout":"","ast-site-content-layout":"default","site-content-style":"default","site-sidebar-style":"default","ast-global-header-display":"","ast-banner-title-visibility":"","ast-main-header-display":"","ast-hfb-above-header-display":"","ast-hfb-below-header-display":"","ast-hfb-mobile-header-display":"","site-post-title":"","ast-breadcrumbs-content":"","ast-featured-img":"","footer-sml-layout":"","theme-transparent-header-meta":"","adv-header-id-meta":"","stick-header-meta":"","header-above-stick-meta":"","header-main-stick-meta":"","header-below-stick-meta":"","astra-migrate-meta-layouts":"set","ast-page-background-enabled":"default","ast-page-background-meta":{"desktop":{"background-color":"var(--ast-global-color-4)","background-image":"","background-repeat":"repeat","background-position":"center center","background-size":"auto","background-attachment":"scroll","background-type":"","background-media":"","overlay-type":"","overlay-color":"","overlay-opacity":"","overlay-gradient":""},"tablet":{"background-color":"","background-image":"","background-repeat":"repeat","background-position":"center center","background-size":"auto","background-attachment":"scroll","background-type":"","background-media":"","overlay-type":"","overlay-color":"","overlay-opacity":"","overlay-gradient":""},"mobile":{"background-color":"","background-image":"","background-repeat":"repeat","background-position":"center center","background-size":"auto","background-attachment":"scroll","background-type":"","background-media":"","overlay-type":"","overlay-color":"","overlay-opacity":"","overlay-gradient":""}},"ast-content-background-meta":{"desktop":{"background-color":"var(--ast-global-color-5)","background-image":"","background-repeat":"repeat","background-position":"center center","background-size":"auto","background-attachment":"scroll","background-type":"","background-media":"","overlay-type":"","overlay-color":"","overlay-opacity":"","overlay-gradient":""},"tablet":{"background-color":"var(--ast-global-color-5)","background-image":"","background-repeat":"repeat","background-position":"center center","background-size":"auto","background-attachment":"scroll","background-type":"","background-media":"","overlay-type":"","overlay-color":"","overlay-opacity":"","overlay-gradient":""},"mobile":{"background-color":"var(--ast-global-color-5)","background-image":"","background-repeat":"repeat","background-position":"center center","background-size":"auto","background-attachment":"scroll","background-type":"","background-media":"","overlay-type":"","overlay-color":"","overlay-opacity":"","overlay-gradient":""}},"footnotes":""},"categories":[7],"tags":[],"class_list":["post-901","post","type-post","status-publish","format-standard","hentry","category-afa"],"post_mailing_queue_ids":[],"_links":{"self":[{"href":"https:\/\/agora.xtec.cat\/ceip-benviure\/wp-json\/wp\/v2\/posts\/901","targetHints":{"allow":["GET"]}}],"collection":[{"href":"https:\/\/agora.xtec.cat\/ceip-benviure\/wp-json\/wp\/v2\/posts"}],"about":[{"href":"https:\/\/agora.xtec.cat\/ceip-benviure\/wp-json\/wp\/v2\/types\/post"}],"author":[{"embeddable":true,"href":"https:\/\/agora.xtec.cat\/ceip-benviure\/wp-json\/wp\/v2\/users\/1"}],"replies":[{"embeddable":true,"href":"https:\/\/agora.xtec.cat\/ceip-benviure\/wp-json\/wp\/v2\/comments?post=901"}],"version-history":[{"count":6,"href":"https:\/\/agora.xtec.cat\/ceip-benviure\/wp-json\/wp\/v2\/posts\/901\/revisions"}],"predecessor-version":[{"id":7911,"href":"https:\/\/agora.xtec.cat\/ceip-benviure\/wp-json\/wp\/v2\/posts\/901\/revisions\/7911"}],"wp:attachment":[{"href":"https:\/\/agora.xtec.cat\/ceip-benviure\/wp-json\/wp\/v2\/media?parent=901"}],"wp:term":[{"taxonomy":"category","embeddable":true,"href":"https:\/\/agora.xtec.cat\/ceip-benviure\/wp-json\/wp\/v2\/categories?post=901"},{"taxonomy":"post_tag","embeddable":true,"href":"https:\/\/agora.xtec.cat\/ceip-benviure\/wp-json\/wp\/v2\/tags?post=901"}],"curies":[{"name":"wp","href":"https:\/\/api.w.org\/{rel}","templated":true}]}}