{"id":4257,"date":"2019-03-10T11:22:13","date_gmt":"2019-03-10T10:22:13","guid":{"rendered":"http:\/\/agora.xtec.cat\/ceip-barrufet-santboi\/?p=4257"},"modified":"2024-02-28T20:48:47","modified_gmt":"2024-02-28T19:48:47","slug":"jornada-coeducativa-a-cicle-mitja","status":"publish","type":"post","link":"https:\/\/agora.xtec.cat\/ceip-barrufet-santboi\/portada\/jornada-coeducativa-a-cicle-mitja\/","title":{"rendered":"JORNADA COEDUCATIVA A CICLE MITJ\u00c0"},"content":{"rendered":"<p>Les societats democr\u00e0tiques es nodreixen de dos drets indissolubles: el dret a la llibertat de les persones i el dret a la igualtat d\u2019oportunitats, independentment de l\u2019origen, el g\u00e8nere o qualsevol altra condici\u00f3 o circumst\u00e0ncia social o personal. La societat del segle XXI demana als sistemes educatius formar ciutadanes i ciutadans lliures, responsables, aut\u00f2noms i solidaris capa\u00e7os de trencar amb els models estereotipats i els biaixos excloents.<\/p>\n<p>Hi ha moltes dones que, hist\u00f2ricament, han posat en pr\u00e0ctica diferents estrat\u00e8gies per transmetre, de generaci\u00f3 en generaci\u00f3, els seus sabers, les seves experi\u00e8ncies i els seus coneixements.<\/p>\n<p>Coeducar significa superar les relacions de poder que supediten un sexe a l\u2019altre, incorporar en igualtat de condicions les realitats i la hist\u00f2ria de les dones i dels homes per poder actuar en igualtat, i recon\u00e8ixer alhora les difer\u00e8ncies pr\u00f2pies de cada g\u00e8nere.<\/p>\n<p>La coeducaci\u00f3 \u00e9s el principi b\u00e0sic que ha d\u2019assegurar la participaci\u00f3 i el desenvolupament de totes les persones sense distinci\u00f3 i ha d\u2019esdevenir una eina imprescindible per construir i desenvolupar un nou pacte de ciutadania.<\/p>\n<p>A continuaci\u00f3 us deixem unes imatges del que va ser la nostra jornada coeducativa a la nostra escola. Esperem que us agradi!<\/p>\n<p>!<iframe loading=\"lazy\" src=\"\/\/www.youtube.com\/embed\/MkZo8wQBIpE\" width=\"560\" height=\"314\" allowfullscreen=\"allowfullscreen\"><\/iframe><\/p>\n","protected":false},"excerpt":{"rendered":"<p>Les societats democr\u00e0tiques es nodreixen de dos drets indissolubles: el dret a la llibertat de les persones i el dret a la igualtat d\u2019oportunitats, independentment de l\u2019origen, el g\u00e8nere o qualsevol altra condici\u00f3 o circumst\u00e0ncia social o personal. La societat del segle XXI demana als sistemes educatius formar ciutadanes i ciutadans lliures, responsables, aut\u00f2noms i [&hellip;]<\/p>\n","protected":false},"author":54,"featured_media":4258,"comment_status":"closed","ping_status":"closed","sticky":false,"template":"","format":"standard","meta":{"_bbp_topic_count":0,"_bbp_reply_count":0,"_bbp_total_topic_count":0,"_bbp_total_reply_count":0,"_bbp_voice_count":0,"_bbp_anonymous_reply_count":0,"_bbp_topic_count_hidden":0,"_bbp_reply_count_hidden":0,"_bbp_forum_subforum_count":0,"site-sidebar-layout":"default","site-content-layout":"","ast-site-content-layout":"","site-content-style":"default","site-sidebar-style":"default","ast-global-header-display":"","ast-banner-title-visibility":"","ast-main-header-display":"","ast-hfb-above-header-display":"","ast-hfb-below-header-display":"","ast-hfb-mobile-header-display":"","site-post-title":"","ast-breadcrumbs-content":"","ast-featured-img":"","footer-sml-layout":"","theme-transparent-header-meta":"","adv-header-id-meta":"","stick-header-meta":"","header-above-stick-meta":"","header-main-stick-meta":"","header-below-stick-meta":"","astra-migrate-meta-layouts":"default","ast-page-background-enabled":"default","ast-page-background-meta":{"desktop":{"background-color":"var(--ast-global-color-4)","background-image":"","background-repeat":"repeat","background-position":"center center","background-size":"auto","background-attachment":"scroll","background-type":"","background-media":"","overlay-type":"","overlay-color":"","overlay-opacity":"","overlay-gradient":""},"tablet":{"background-color":"","background-image":"","background-repeat":"repeat","background-position":"center center","background-size":"auto","background-attachment":"scroll","background-type":"","background-media":"","overlay-type":"","overlay-color":"","overlay-opacity":"","overlay-gradient":""},"mobile":{"background-color":"","background-image":"","background-repeat":"repeat","background-position":"center center","background-size":"auto","background-attachment":"scroll","background-type":"","background-media":"","overlay-type":"","overlay-color":"","overlay-opacity":"","overlay-gradient":""}},"ast-content-background-meta":{"desktop":{"background-color":"var(--ast-global-color-5)","background-image":"","background-repeat":"repeat","background-position":"center center","background-size":"auto","background-attachment":"scroll","background-type":"","background-media":"","overlay-type":"","overlay-color":"","overlay-opacity":"","overlay-gradient":""},"tablet":{"background-color":"var(--ast-global-color-5)","background-image":"","background-repeat":"repeat","background-position":"center center","background-size":"auto","background-attachment":"scroll","background-type":"","background-media":"","overlay-type":"","overlay-color":"","overlay-opacity":"","overlay-gradient":""},"mobile":{"background-color":"var(--ast-global-color-5)","background-image":"","background-repeat":"repeat","background-position":"center center","background-size":"auto","background-attachment":"scroll","background-type":"","background-media":"","overlay-type":"","overlay-color":"","overlay-opacity":"","overlay-gradient":""}},"footnotes":""},"categories":[431,430,4],"tags":[83],"class_list":["post-4257","post","type-post","status-publish","format-standard","has-post-thumbnail","hentry","category-blog-de-grans","category-blog-de-mitjans","category-portada","tag-jornadacoeducativa"],"post_mailing_queue_ids":[],"_links":{"self":[{"href":"https:\/\/agora.xtec.cat\/ceip-barrufet-santboi\/wp-json\/wp\/v2\/posts\/4257","targetHints":{"allow":["GET"]}}],"collection":[{"href":"https:\/\/agora.xtec.cat\/ceip-barrufet-santboi\/wp-json\/wp\/v2\/posts"}],"about":[{"href":"https:\/\/agora.xtec.cat\/ceip-barrufet-santboi\/wp-json\/wp\/v2\/types\/post"}],"author":[{"embeddable":true,"href":"https:\/\/agora.xtec.cat\/ceip-barrufet-santboi\/wp-json\/wp\/v2\/users\/54"}],"replies":[{"embeddable":true,"href":"https:\/\/agora.xtec.cat\/ceip-barrufet-santboi\/wp-json\/wp\/v2\/comments?post=4257"}],"version-history":[{"count":2,"href":"https:\/\/agora.xtec.cat\/ceip-barrufet-santboi\/wp-json\/wp\/v2\/posts\/4257\/revisions"}],"predecessor-version":[{"id":12711,"href":"https:\/\/agora.xtec.cat\/ceip-barrufet-santboi\/wp-json\/wp\/v2\/posts\/4257\/revisions\/12711"}],"wp:featuredmedia":[{"embeddable":true,"href":"https:\/\/agora.xtec.cat\/ceip-barrufet-santboi\/wp-json\/wp\/v2\/media\/4258"}],"wp:attachment":[{"href":"https:\/\/agora.xtec.cat\/ceip-barrufet-santboi\/wp-json\/wp\/v2\/media?parent=4257"}],"wp:term":[{"taxonomy":"category","embeddable":true,"href":"https:\/\/agora.xtec.cat\/ceip-barrufet-santboi\/wp-json\/wp\/v2\/categories?post=4257"},{"taxonomy":"post_tag","embeddable":true,"href":"https:\/\/agora.xtec.cat\/ceip-barrufet-santboi\/wp-json\/wp\/v2\/tags?post=4257"}],"curies":[{"name":"wp","href":"https:\/\/api.w.org\/{rel}","templated":true}]}}