{"id":4240,"date":"2019-03-08T23:48:43","date_gmt":"2019-03-08T22:48:43","guid":{"rendered":"http:\/\/agora.xtec.cat\/ceip-barrufet-santboi\/?p=4240"},"modified":"2024-02-28T20:48:53","modified_gmt":"2024-02-28T19:48:53","slug":"jornada-coeducativa-educacio-infantil-2019","status":"publish","type":"post","link":"https:\/\/agora.xtec.cat\/ceip-barrufet-santboi\/portada\/jornada-coeducativa-educacio-infantil-2019\/","title":{"rendered":"JORNADA COEDUCATIVA. EDUCACI\u00d3 INFANTIL 2019"},"content":{"rendered":"<p><iframe loading=\"lazy\" src=\"\/\/www.youtube.com\/embed\/1n6mJAcoWVo\" width=\"400\" height=\"224\" allowfullscreen=\"allowfullscreen\"><\/iframe><br \/>\nUNA ESCOLA COEDUCADORA \u00c9S LA QUE TRANSMET UNA EDUCACI\u00d3 QUE VALORA INDISTINTAMENT L\u2019EXPERI\u00c8NCIA I L\u2019APORTACI\u00d3 CULTURAL DE LES DONES I ELS HOMES, QUE RESPECTA LA IGUALTAT I LA DIFER\u00c8NCIA.<br \/>\nJA FA \u00a0TRETZE ANYS QUE LES NENES I ELS NENS DE L\u2019ESCOLA CELEBREM LA NOSTRA JORNADA COEDUCATIVA!!!!<br \/>\nDURANT EL DIA D\u2019AVUI TOTA L\u2019ESCOLA HA ESTAT FENT ACTIVITATS AL VOLTANT DE LA CELEBRACI\u00d3 DEL DIA DE LA DONA TREBALLADORA.<\/p>\n<p>AQU\u00cd TENIU UNA PETITA MOSTRA D\u2019ALGUNES DE LES ACTIVITATS REALITZADES PELS INFANTS D&#8217;EDUCACI\u00d3 INFANTIL: JOCS COEDUCATIUS AL PATI,\u00a0 RACONS DE JOC SIMB\u00d2LIC DE LES FEINES DE LA LLAR I FEM DE CUINERS\/CUINERES. TAMB\u00c9 HEM ESCOLTAT DIFERENTS CONTES \u00a0COEDUCATIUS:<br \/>\nP3. EL PR\u00cdNCEP VENTAFOCS<br \/>\nP4. HI HA RES M\u00c9S AVORRIT QUE \u00c9SSER UNA PRINCESA ROSA?<br \/>\nP5. L\u2019ERNEST<br \/>\nCOM A ACTE DE CLOENDA TOTS I TOTES PLEGATS\/DES HEM FET UN BERENAR COL.LECTIU ON HEM POGUT MENJAR EL PA AMB TOM\u00c0QUET QUE HAV\u00cdEM PREPARAT A LES CLASSES. I PER ACABAR HEM ENVIAT UN PET\u00d3 MOLT GRAN A TOTES LES DONES DEL M\u00d3N!!!<\/p>\n","protected":false},"excerpt":{"rendered":"<p>UNA ESCOLA COEDUCADORA \u00c9S LA QUE TRANSMET UNA EDUCACI\u00d3 QUE VALORA INDISTINTAMENT L\u2019EXPERI\u00c8NCIA I L\u2019APORTACI\u00d3 CULTURAL DE LES DONES I ELS HOMES, QUE RESPECTA LA IGUALTAT I LA DIFER\u00c8NCIA. JA FA \u00a0TRETZE ANYS QUE LES NENES I ELS NENS DE L\u2019ESCOLA CELEBREM LA NOSTRA JORNADA COEDUCATIVA!!!! DURANT EL DIA D\u2019AVUI TOTA L\u2019ESCOLA HA ESTAT FENT [&hellip;]<\/p>\n","protected":false},"author":44,"featured_media":0,"comment_status":"closed","ping_status":"closed","sticky":false,"template":"","format":"standard","meta":{"_bbp_topic_count":0,"_bbp_reply_count":0,"_bbp_total_topic_count":0,"_bbp_total_reply_count":0,"_bbp_voice_count":0,"_bbp_anonymous_reply_count":0,"_bbp_topic_count_hidden":0,"_bbp_reply_count_hidden":0,"_bbp_forum_subforum_count":0,"site-sidebar-layout":"default","site-content-layout":"","ast-site-content-layout":"","site-content-style":"default","site-sidebar-style":"default","ast-global-header-display":"","ast-banner-title-visibility":"","ast-main-header-display":"","ast-hfb-above-header-display":"","ast-hfb-below-header-display":"","ast-hfb-mobile-header-display":"","site-post-title":"","ast-breadcrumbs-content":"","ast-featured-img":"","footer-sml-layout":"","theme-transparent-header-meta":"","adv-header-id-meta":"","stick-header-meta":"","header-above-stick-meta":"","header-main-stick-meta":"","header-below-stick-meta":"","astra-migrate-meta-layouts":"default","ast-page-background-enabled":"default","ast-page-background-meta":{"desktop":{"background-color":"var(--ast-global-color-4)","background-image":"","background-repeat":"repeat","background-position":"center center","background-size":"auto","background-attachment":"scroll","background-type":"","background-media":"","overlay-type":"","overlay-color":"","overlay-opacity":"","overlay-gradient":""},"tablet":{"background-color":"","background-image":"","background-repeat":"repeat","background-position":"center center","background-size":"auto","background-attachment":"scroll","background-type":"","background-media":"","overlay-type":"","overlay-color":"","overlay-opacity":"","overlay-gradient":""},"mobile":{"background-color":"","background-image":"","background-repeat":"repeat","background-position":"center center","background-size":"auto","background-attachment":"scroll","background-type":"","background-media":"","overlay-type":"","overlay-color":"","overlay-opacity":"","overlay-gradient":""}},"ast-content-background-meta":{"desktop":{"background-color":"var(--ast-global-color-5)","background-image":"","background-repeat":"repeat","background-position":"center center","background-size":"auto","background-attachment":"scroll","background-type":"","background-media":"","overlay-type":"","overlay-color":"","overlay-opacity":"","overlay-gradient":""},"tablet":{"background-color":"var(--ast-global-color-5)","background-image":"","background-repeat":"repeat","background-position":"center center","background-size":"auto","background-attachment":"scroll","background-type":"","background-media":"","overlay-type":"","overlay-color":"","overlay-opacity":"","overlay-gradient":""},"mobile":{"background-color":"var(--ast-global-color-5)","background-image":"","background-repeat":"repeat","background-position":"center center","background-size":"auto","background-attachment":"scroll","background-type":"","background-media":"","overlay-type":"","overlay-color":"","overlay-opacity":"","overlay-gradient":""}},"footnotes":""},"categories":[432,4],"tags":[83],"class_list":["post-4240","post","type-post","status-publish","format-standard","hentry","category-blog-de-petits","category-portada","tag-jornadacoeducativa"],"post_mailing_queue_ids":[],"_links":{"self":[{"href":"https:\/\/agora.xtec.cat\/ceip-barrufet-santboi\/wp-json\/wp\/v2\/posts\/4240","targetHints":{"allow":["GET"]}}],"collection":[{"href":"https:\/\/agora.xtec.cat\/ceip-barrufet-santboi\/wp-json\/wp\/v2\/posts"}],"about":[{"href":"https:\/\/agora.xtec.cat\/ceip-barrufet-santboi\/wp-json\/wp\/v2\/types\/post"}],"author":[{"embeddable":true,"href":"https:\/\/agora.xtec.cat\/ceip-barrufet-santboi\/wp-json\/wp\/v2\/users\/44"}],"replies":[{"embeddable":true,"href":"https:\/\/agora.xtec.cat\/ceip-barrufet-santboi\/wp-json\/wp\/v2\/comments?post=4240"}],"version-history":[{"count":3,"href":"https:\/\/agora.xtec.cat\/ceip-barrufet-santboi\/wp-json\/wp\/v2\/posts\/4240\/revisions"}],"predecessor-version":[{"id":4250,"href":"https:\/\/agora.xtec.cat\/ceip-barrufet-santboi\/wp-json\/wp\/v2\/posts\/4240\/revisions\/4250"}],"wp:attachment":[{"href":"https:\/\/agora.xtec.cat\/ceip-barrufet-santboi\/wp-json\/wp\/v2\/media?parent=4240"}],"wp:term":[{"taxonomy":"category","embeddable":true,"href":"https:\/\/agora.xtec.cat\/ceip-barrufet-santboi\/wp-json\/wp\/v2\/categories?post=4240"},{"taxonomy":"post_tag","embeddable":true,"href":"https:\/\/agora.xtec.cat\/ceip-barrufet-santboi\/wp-json\/wp\/v2\/tags?post=4240"}],"curies":[{"name":"wp","href":"https:\/\/api.w.org\/{rel}","templated":true}]}}