{"id":3972,"date":"2018-12-12T11:53:22","date_gmt":"2018-12-12T10:53:22","guid":{"rendered":"http:\/\/agora.xtec.cat\/ceip-barrufet-santboi\/?p=3972"},"modified":"2019-07-18T23:47:21","modified_gmt":"2019-07-18T21:47:21","slug":"tallers-de-nadal-1a-part","status":"publish","type":"post","link":"https:\/\/agora.xtec.cat\/ceip-barrufet-santboi\/blog-acollida-ref\/tallers-de-nadal-1a-part\/","title":{"rendered":"TALLERS DE NADAL &#8211; 1a PART"},"content":{"rendered":"<p>Ja queda molt poc per rebre el Nadal. Un temps de pau per gaudir en fam\u00edlia i envoltats de tots els \u00e9ssers que m\u00e9s estimem. Un temps tamb\u00e9, per descansar de l&#8217;escola i gaudir de les diferents activitats que ofereixen a diversos llocs. Petits i grans podem gaudir plegats aquest dies plens de m\u00e0gia.<\/p>\n<p>Des de l&#8217;aula de Psicopedagogia i refor\u00e7 estem dedicant uns dies a parlar del Nadal i treballem envers aquest centre d&#8217;inter\u00e8s. Una de les iniciatives que hem dut a terme \u00e9s fer uns petits tallers nadalencs on treballem l&#8217;expressi\u00f3 oral, escrita, la lectura i tamb\u00e9 el disseny.\u00a0 A la primera part d&#8217;aquests tallers ens hem centrat en fer una postal de Nadal. Tant el poema com el pictograma l&#8217;hem realitzat nosaltres amb molta il\u00b7lusi\u00f3 per fer-lo arribar a les nostres families.<\/p>\n<p>Aqu\u00ed us deixem unes petites imatges del resultat. Fins molt aviat!<\/p>\n<p><a href=\"https:\/\/agora.xtec.cat\/ceip-barrufet-santboi\/wp-content\/uploads\/usu1517\/2018\/12\/thumbnail_20181211_094649.jpg\"><img loading=\"lazy\" decoding=\"async\" class=\"alignnone size-large wp-image-3974\" src=\"https:\/\/agora.xtec.cat\/ceip-barrufet-santboi\/wp-content\/uploads\/usu1517\/2018\/12\/thumbnail_20181211_094649-1024x576.jpg\" alt=\"\" width=\"1024\" height=\"576\" srcset=\"https:\/\/agora.xtec.cat\/ceip-barrufet-santboi\/wp-content\/uploads\/usu1517\/2018\/12\/thumbnail_20181211_094649.jpg 1024w, https:\/\/agora.xtec.cat\/ceip-barrufet-santboi\/wp-content\/uploads\/usu1517\/2018\/12\/thumbnail_20181211_094649-300x169.jpg 300w, https:\/\/agora.xtec.cat\/ceip-barrufet-santboi\/wp-content\/uploads\/usu1517\/2018\/12\/thumbnail_20181211_094649-768x432.jpg 768w\" sizes=\"auto, (max-width: 1024px) 100vw, 1024px\" \/><\/a> <a href=\"https:\/\/agora.xtec.cat\/ceip-barrufet-santboi\/wp-content\/uploads\/usu1517\/2018\/12\/thumbnail_20181211_103726.jpg\"><img loading=\"lazy\" decoding=\"async\" class=\"alignnone size-large wp-image-3975\" src=\"https:\/\/agora.xtec.cat\/ceip-barrufet-santboi\/wp-content\/uploads\/usu1517\/2018\/12\/thumbnail_20181211_103726-1024x576.jpg\" alt=\"\" width=\"1024\" height=\"576\" srcset=\"https:\/\/agora.xtec.cat\/ceip-barrufet-santboi\/wp-content\/uploads\/usu1517\/2018\/12\/thumbnail_20181211_103726.jpg 1024w, https:\/\/agora.xtec.cat\/ceip-barrufet-santboi\/wp-content\/uploads\/usu1517\/2018\/12\/thumbnail_20181211_103726-300x169.jpg 300w, https:\/\/agora.xtec.cat\/ceip-barrufet-santboi\/wp-content\/uploads\/usu1517\/2018\/12\/thumbnail_20181211_103726-768x432.jpg 768w\" sizes=\"auto, (max-width: 1024px) 100vw, 1024px\" \/><\/a><\/p>\n<figure id=\"attachment_3976\" aria-describedby=\"caption-attachment-3976\" style=\"width: 1024px\" class=\"wp-caption alignnone\"><a href=\"https:\/\/agora.xtec.cat\/ceip-barrufet-santboi\/wp-content\/uploads\/usu1517\/2018\/12\/20181211_162517.jpg\"><img loading=\"lazy\" decoding=\"async\" class=\"size-large wp-image-3976\" src=\"https:\/\/agora.xtec.cat\/ceip-barrufet-santboi\/wp-content\/uploads\/usu1517\/2018\/12\/20181211_162517-1024x576.jpg\" alt=\"\" width=\"1024\" height=\"576\" srcset=\"https:\/\/agora.xtec.cat\/ceip-barrufet-santboi\/wp-content\/uploads\/usu1517\/2018\/12\/20181211_162517.jpg 1024w, https:\/\/agora.xtec.cat\/ceip-barrufet-santboi\/wp-content\/uploads\/usu1517\/2018\/12\/20181211_162517-300x169.jpg 300w, https:\/\/agora.xtec.cat\/ceip-barrufet-santboi\/wp-content\/uploads\/usu1517\/2018\/12\/20181211_162517-768x432.jpg 768w\" sizes=\"auto, (max-width: 1024px) 100vw, 1024px\" \/><\/a><figcaption id=\"caption-attachment-3976\" class=\"wp-caption-text\">?<\/figcaption><\/figure>\n","protected":false},"excerpt":{"rendered":"<p>Ja queda molt poc per rebre el Nadal. Un temps de pau per gaudir en fam\u00edlia i envoltats de tots els \u00e9ssers que m\u00e9s estimem. Un temps tamb\u00e9, per descansar de l&#8217;escola i gaudir de les diferents activitats que ofereixen a diversos llocs. Petits i grans podem gaudir plegats aquest dies plens de m\u00e0gia. Des [&hellip;]<\/p>\n","protected":false},"author":45,"featured_media":3978,"comment_status":"closed","ping_status":"closed","sticky":false,"template":"","format":"standard","meta":{"_bbp_topic_count":0,"_bbp_reply_count":0,"_bbp_total_topic_count":0,"_bbp_total_reply_count":0,"_bbp_voice_count":0,"_bbp_anonymous_reply_count":0,"_bbp_topic_count_hidden":0,"_bbp_reply_count_hidden":0,"_bbp_forum_subforum_count":0,"site-sidebar-layout":"default","site-content-layout":"","ast-site-content-layout":"","site-content-style":"default","site-sidebar-style":"default","ast-global-header-display":"","ast-banner-title-visibility":"","ast-main-header-display":"","ast-hfb-above-header-display":"","ast-hfb-below-header-display":"","ast-hfb-mobile-header-display":"","site-post-title":"","ast-breadcrumbs-content":"","ast-featured-img":"","footer-sml-layout":"","theme-transparent-header-meta":"","adv-header-id-meta":"","stick-header-meta":"","header-above-stick-meta":"","header-main-stick-meta":"","header-below-stick-meta":"","astra-migrate-meta-layouts":"default","ast-page-background-enabled":"default","ast-page-background-meta":{"desktop":{"background-color":"var(--ast-global-color-4)","background-image":"","background-repeat":"repeat","background-position":"center center","background-size":"auto","background-attachment":"scroll","background-type":"","background-media":"","overlay-type":"","overlay-color":"","overlay-opacity":"","overlay-gradient":""},"tablet":{"background-color":"","background-image":"","background-repeat":"repeat","background-position":"center center","background-size":"auto","background-attachment":"scroll","background-type":"","background-media":"","overlay-type":"","overlay-color":"","overlay-opacity":"","overlay-gradient":""},"mobile":{"background-color":"","background-image":"","background-repeat":"repeat","background-position":"center center","background-size":"auto","background-attachment":"scroll","background-type":"","background-media":"","overlay-type":"","overlay-color":"","overlay-opacity":"","overlay-gradient":""}},"ast-content-background-meta":{"desktop":{"background-color":"var(--ast-global-color-5)","background-image":"","background-repeat":"repeat","background-position":"center center","background-size":"auto","background-attachment":"scroll","background-type":"","background-media":"","overlay-type":"","overlay-color":"","overlay-opacity":"","overlay-gradient":""},"tablet":{"background-color":"var(--ast-global-color-5)","background-image":"","background-repeat":"repeat","background-position":"center center","background-size":"auto","background-attachment":"scroll","background-type":"","background-media":"","overlay-type":"","overlay-color":"","overlay-opacity":"","overlay-gradient":""},"mobile":{"background-color":"var(--ast-global-color-5)","background-image":"","background-repeat":"repeat","background-position":"center center","background-size":"auto","background-attachment":"scroll","background-type":"","background-media":"","overlay-type":"","overlay-color":"","overlay-opacity":"","overlay-gradient":""}},"footnotes":""},"categories":[130],"tags":[80],"class_list":["post-3972","post","type-post","status-publish","format-standard","has-post-thumbnail","hentry","category-blog-acollida-ref","tag-festahivern"],"post_mailing_queue_ids":[],"_links":{"self":[{"href":"https:\/\/agora.xtec.cat\/ceip-barrufet-santboi\/wp-json\/wp\/v2\/posts\/3972","targetHints":{"allow":["GET"]}}],"collection":[{"href":"https:\/\/agora.xtec.cat\/ceip-barrufet-santboi\/wp-json\/wp\/v2\/posts"}],"about":[{"href":"https:\/\/agora.xtec.cat\/ceip-barrufet-santboi\/wp-json\/wp\/v2\/types\/post"}],"author":[{"embeddable":true,"href":"https:\/\/agora.xtec.cat\/ceip-barrufet-santboi\/wp-json\/wp\/v2\/users\/45"}],"replies":[{"embeddable":true,"href":"https:\/\/agora.xtec.cat\/ceip-barrufet-santboi\/wp-json\/wp\/v2\/comments?post=3972"}],"version-history":[{"count":2,"href":"https:\/\/agora.xtec.cat\/ceip-barrufet-santboi\/wp-json\/wp\/v2\/posts\/3972\/revisions"}],"predecessor-version":[{"id":3979,"href":"https:\/\/agora.xtec.cat\/ceip-barrufet-santboi\/wp-json\/wp\/v2\/posts\/3972\/revisions\/3979"}],"wp:featuredmedia":[{"embeddable":true,"href":"https:\/\/agora.xtec.cat\/ceip-barrufet-santboi\/wp-json\/wp\/v2\/media\/3978"}],"wp:attachment":[{"href":"https:\/\/agora.xtec.cat\/ceip-barrufet-santboi\/wp-json\/wp\/v2\/media?parent=3972"}],"wp:term":[{"taxonomy":"category","embeddable":true,"href":"https:\/\/agora.xtec.cat\/ceip-barrufet-santboi\/wp-json\/wp\/v2\/categories?post=3972"},{"taxonomy":"post_tag","embeddable":true,"href":"https:\/\/agora.xtec.cat\/ceip-barrufet-santboi\/wp-json\/wp\/v2\/tags?post=3972"}],"curies":[{"name":"wp","href":"https:\/\/api.w.org\/{rel}","templated":true}]}}