{"id":12304,"date":"2023-11-27T10:37:31","date_gmt":"2023-11-27T09:37:31","guid":{"rendered":"https:\/\/agora.xtec.cat\/ceip-barrufet-santboi\/?p=12304"},"modified":"2023-11-27T10:42:33","modified_gmt":"2023-11-27T09:42:33","slug":"ii-conferencia-de-centres-etwinning-a-madrid","status":"publish","type":"post","link":"https:\/\/agora.xtec.cat\/ceip-barrufet-santboi\/general\/ii-conferencia-de-centres-etwinning-a-madrid\/","title":{"rendered":"II Confer\u00e8ncia de Centres eTwinning a Madrid"},"content":{"rendered":"<p><span style=\"font-weight: 400;\">L\u2019escola Barrufet ha participat a la 2a Confer\u00e8ncia Nacional de centres eTwinning que es va celebrar a Madrid el divendres 17 de novembre i el dissabte 18 de novembre de 2023.\u00a0<\/span><\/p>\n<p><span style=\"font-weight: 400;\">Aqui podeu veure algunes de les activitats reeixides de les confer\u00e8ncies que, amb la tem\u00e0tica \u201c Espais creatius per a la innovaci\u00f3\u201d han perm\u00e8s aprendre mitjan\u00e7ant confer\u00e8ncies d\u2019experts en innovaci\u00f3 educativa i transformaci\u00f3 d\u2019espais, compartir idees amb taules rodones, bones pr\u00e0ctiques d\u2019altres centres eTwinning, tallers pr\u00e0ctics\u2026 Una jornada que ens ha ajudat a reflexionar sobre els espais que es creen als centres i que tamb\u00e9 contribueixen a l\u2019aprenentatge de l\u2019alumnat i al benestar de tota la comunitat educativa.\u00a0<\/span><\/p>\n<p><span style=\"font-weight: 400;\">Ara toca la part m\u00e9s dificil, transferir viv\u00e8ncies i fer difusi\u00f3 per beneficiar aix\u00ed a tota la comunitat.\u00a0<\/span><\/p>\n<p><span style=\"font-weight: 400;\">Us deixem amb el link als v\u00eddeos de les jornades<\/span><\/p>\n<p><a href=\"https:\/\/www.youtube.com\/watch?v=79q9tXjx6w8\">VIDEO Divendres 17 de novembre<\/a><\/p>\n<p><a href=\"https:\/\/www.youtube.com\/live\/SjxQVdIUkkQ?si=CX9lMWWoA0QlslBJ\">VIDEO Dissabte 18 de novembre<\/a><\/p>\n<p><span style=\"font-weight: 400;\"> <img loading=\"lazy\" decoding=\"async\" class=\"alignnone size-medium wp-image-12305\" src=\"https:\/\/agora.xtec.cat\/ceip-barrufet-santboi\/wp-content\/uploads\/usu1517\/2023\/11\/2a-Conferencia-Centres-eTwinning-300x149.jpg\" alt=\"\" width=\"300\" height=\"149\" srcset=\"https:\/\/agora.xtec.cat\/ceip-barrufet-santboi\/wp-content\/uploads\/usu1517\/2023\/11\/2a-Conferencia-Centres-eTwinning-300x149.jpg 300w, https:\/\/agora.xtec.cat\/ceip-barrufet-santboi\/wp-content\/uploads\/usu1517\/2023\/11\/2a-Conferencia-Centres-eTwinning-768x381.jpg 768w, https:\/\/agora.xtec.cat\/ceip-barrufet-santboi\/wp-content\/uploads\/usu1517\/2023\/11\/2a-Conferencia-Centres-eTwinning.jpg 983w\" sizes=\"auto, (max-width: 300px) 100vw, 300px\" \/><\/span><\/p>\n<div id='gallery-1' class='gallery galleryid-12304 gallery-columns-3 gallery-size-thumbnail'><figure class='gallery-item'>\n\t\t\t<div class='gallery-icon landscape'>\n\t\t\t\t<a href='https:\/\/agora.xtec.cat\/ceip-barrufet-santboi\/general\/ii-conferencia-de-centres-etwinning-a-madrid\/attachment\/img_20231117_120609\/'><img loading=\"lazy\" decoding=\"async\" width=\"150\" height=\"150\" src=\"https:\/\/agora.xtec.cat\/ceip-barrufet-santboi\/wp-content\/uploads\/usu1517\/2023\/11\/IMG_20231117_120609-150x150.jpg\" class=\"attachment-thumbnail size-thumbnail\" alt=\"\" \/><\/a>\n\t\t\t<\/div><\/figure><figure class='gallery-item'>\n\t\t\t<div class='gallery-icon landscape'>\n\t\t\t\t<a href='https:\/\/agora.xtec.cat\/ceip-barrufet-santboi\/general\/ii-conferencia-de-centres-etwinning-a-madrid\/attachment\/img_20231117_134440\/'><img loading=\"lazy\" decoding=\"async\" width=\"150\" height=\"150\" src=\"https:\/\/agora.xtec.cat\/ceip-barrufet-santboi\/wp-content\/uploads\/usu1517\/2023\/11\/IMG_20231117_134440-150x150.jpg\" class=\"attachment-thumbnail size-thumbnail\" alt=\"\" \/><\/a>\n\t\t\t<\/div><\/figure><figure class='gallery-item'>\n\t\t\t<div class='gallery-icon landscape'>\n\t\t\t\t<a href='https:\/\/agora.xtec.cat\/ceip-barrufet-santboi\/general\/ii-conferencia-de-centres-etwinning-a-madrid\/attachment\/img_20231117_135138\/'><img loading=\"lazy\" decoding=\"async\" width=\"150\" height=\"150\" src=\"https:\/\/agora.xtec.cat\/ceip-barrufet-santboi\/wp-content\/uploads\/usu1517\/2023\/11\/IMG_20231117_135138-150x150.jpg\" class=\"attachment-thumbnail size-thumbnail\" alt=\"\" \/><\/a>\n\t\t\t<\/div><\/figure><figure class='gallery-item'>\n\t\t\t<div class='gallery-icon landscape'>\n\t\t\t\t<a href='https:\/\/agora.xtec.cat\/ceip-barrufet-santboi\/general\/ii-conferencia-de-centres-etwinning-a-madrid\/attachment\/img_20231117_185037\/'><img loading=\"lazy\" decoding=\"async\" width=\"150\" height=\"150\" src=\"https:\/\/agora.xtec.cat\/ceip-barrufet-santboi\/wp-content\/uploads\/usu1517\/2023\/11\/IMG_20231117_185037-150x150.jpg\" class=\"attachment-thumbnail size-thumbnail\" alt=\"\" \/><\/a>\n\t\t\t<\/div><\/figure><figure class='gallery-item'>\n\t\t\t<div class='gallery-icon portrait'>\n\t\t\t\t<a href='https:\/\/agora.xtec.cat\/ceip-barrufet-santboi\/general\/ii-conferencia-de-centres-etwinning-a-madrid\/attachment\/img_20231117_185132\/'><img loading=\"lazy\" decoding=\"async\" width=\"150\" height=\"150\" src=\"https:\/\/agora.xtec.cat\/ceip-barrufet-santboi\/wp-content\/uploads\/usu1517\/2023\/11\/IMG_20231117_185132-150x150.jpg\" class=\"attachment-thumbnail size-thumbnail\" alt=\"\" \/><\/a>\n\t\t\t<\/div><\/figure><figure class='gallery-item'>\n\t\t\t<div class='gallery-icon portrait'>\n\t\t\t\t<a href='https:\/\/agora.xtec.cat\/ceip-barrufet-santboi\/general\/ii-conferencia-de-centres-etwinning-a-madrid\/attachment\/img_20231117_185134\/'><img loading=\"lazy\" decoding=\"async\" width=\"150\" height=\"150\" src=\"https:\/\/agora.xtec.cat\/ceip-barrufet-santboi\/wp-content\/uploads\/usu1517\/2023\/11\/IMG_20231117_185134-150x150.jpg\" class=\"attachment-thumbnail size-thumbnail\" alt=\"\" \/><\/a>\n\t\t\t<\/div><\/figure><figure class='gallery-item'>\n\t\t\t<div class='gallery-icon landscape'>\n\t\t\t\t<a href='https:\/\/agora.xtec.cat\/ceip-barrufet-santboi\/general\/ii-conferencia-de-centres-etwinning-a-madrid\/attachment\/img_20231117_191016\/'><img loading=\"lazy\" decoding=\"async\" width=\"150\" height=\"150\" src=\"https:\/\/agora.xtec.cat\/ceip-barrufet-santboi\/wp-content\/uploads\/usu1517\/2023\/11\/IMG_20231117_191016-150x150.jpg\" class=\"attachment-thumbnail size-thumbnail\" alt=\"\" \/><\/a>\n\t\t\t<\/div><\/figure><figure class='gallery-item'>\n\t\t\t<div class='gallery-icon landscape'>\n\t\t\t\t<a href='https:\/\/agora.xtec.cat\/ceip-barrufet-santboi\/general\/ii-conferencia-de-centres-etwinning-a-madrid\/attachment\/img_20231117_195144\/'><img loading=\"lazy\" decoding=\"async\" width=\"150\" height=\"150\" src=\"https:\/\/agora.xtec.cat\/ceip-barrufet-santboi\/wp-content\/uploads\/usu1517\/2023\/11\/IMG_20231117_195144-150x150.jpg\" class=\"attachment-thumbnail size-thumbnail\" alt=\"\" \/><\/a>\n\t\t\t<\/div><\/figure><figure class='gallery-item'>\n\t\t\t<div class='gallery-icon landscape'>\n\t\t\t\t<a href='https:\/\/agora.xtec.cat\/ceip-barrufet-santboi\/general\/ii-conferencia-de-centres-etwinning-a-madrid\/attachment\/img_20231117_195320\/'><img loading=\"lazy\" decoding=\"async\" width=\"150\" height=\"150\" src=\"https:\/\/agora.xtec.cat\/ceip-barrufet-santboi\/wp-content\/uploads\/usu1517\/2023\/11\/IMG_20231117_195320-150x150.jpg\" class=\"attachment-thumbnail size-thumbnail\" alt=\"\" \/><\/a>\n\t\t\t<\/div><\/figure><figure class='gallery-item'>\n\t\t\t<div class='gallery-icon landscape'>\n\t\t\t\t<a href='https:\/\/agora.xtec.cat\/ceip-barrufet-santboi\/general\/ii-conferencia-de-centres-etwinning-a-madrid\/attachment\/img_20231118_112933\/'><img loading=\"lazy\" decoding=\"async\" width=\"150\" height=\"150\" src=\"https:\/\/agora.xtec.cat\/ceip-barrufet-santboi\/wp-content\/uploads\/usu1517\/2023\/11\/IMG_20231118_112933-150x150.jpg\" class=\"attachment-thumbnail size-thumbnail\" alt=\"\" \/><\/a>\n\t\t\t<\/div><\/figure><figure class='gallery-item'>\n\t\t\t<div class='gallery-icon landscape'>\n\t\t\t\t<a href='https:\/\/agora.xtec.cat\/ceip-barrufet-santboi\/general\/ii-conferencia-de-centres-etwinning-a-madrid\/attachment\/img_20231118_125807\/'><img loading=\"lazy\" decoding=\"async\" width=\"150\" height=\"150\" src=\"https:\/\/agora.xtec.cat\/ceip-barrufet-santboi\/wp-content\/uploads\/usu1517\/2023\/11\/IMG_20231118_125807-150x150.jpg\" class=\"attachment-thumbnail size-thumbnail\" alt=\"\" \/><\/a>\n\t\t\t<\/div><\/figure><figure class='gallery-item'>\n\t\t\t<div class='gallery-icon landscape'>\n\t\t\t\t<a href='https:\/\/agora.xtec.cat\/ceip-barrufet-santboi\/general\/ii-conferencia-de-centres-etwinning-a-madrid\/attachment\/img_20231118_125843\/'><img loading=\"lazy\" decoding=\"async\" width=\"150\" height=\"150\" src=\"https:\/\/agora.xtec.cat\/ceip-barrufet-santboi\/wp-content\/uploads\/usu1517\/2023\/11\/IMG_20231118_125843-150x150.jpg\" class=\"attachment-thumbnail size-thumbnail\" alt=\"\" \/><\/a>\n\t\t\t<\/div><\/figure><figure class='gallery-item'>\n\t\t\t<div class='gallery-icon landscape'>\n\t\t\t\t<a href='https:\/\/agora.xtec.cat\/ceip-barrufet-santboi\/general\/ii-conferencia-de-centres-etwinning-a-madrid\/attachment\/img_20231118_132036\/'><img loading=\"lazy\" decoding=\"async\" width=\"150\" height=\"150\" src=\"https:\/\/agora.xtec.cat\/ceip-barrufet-santboi\/wp-content\/uploads\/usu1517\/2023\/11\/IMG_20231118_132036-150x150.jpg\" class=\"attachment-thumbnail size-thumbnail\" alt=\"\" \/><\/a>\n\t\t\t<\/div><\/figure><figure class='gallery-item'>\n\t\t\t<div class='gallery-icon landscape'>\n\t\t\t\t<a href='https:\/\/agora.xtec.cat\/ceip-barrufet-santboi\/general\/ii-conferencia-de-centres-etwinning-a-madrid\/attachment\/img-20231118-wa0037\/'><img loading=\"lazy\" decoding=\"async\" width=\"150\" height=\"150\" src=\"https:\/\/agora.xtec.cat\/ceip-barrufet-santboi\/wp-content\/uploads\/usu1517\/2023\/11\/IMG-20231118-WA0037-150x150.jpg\" class=\"attachment-thumbnail size-thumbnail\" alt=\"\" \/><\/a>\n\t\t\t<\/div><\/figure>\n\t\t<\/div>\n\n<p>&nbsp;<\/p>\n","protected":false},"excerpt":{"rendered":"<p>L\u2019escola Barrufet ha participat a la 2a Confer\u00e8ncia Nacional de centres eTwinning que es va celebrar a Madrid el divendres 17 de novembre i el dissabte 18 de novembre de 2023.\u00a0 Aqui podeu veure algunes de les activitats reeixides de les confer\u00e8ncies que, amb la tem\u00e0tica \u201c Espais creatius per a la innovaci\u00f3\u201d han perm\u00e8s [&hellip;]<\/p>\n","protected":false},"author":51,"featured_media":12305,"comment_status":"closed","ping_status":"closed","sticky":false,"template":"","format":"standard","meta":{"_bbp_topic_count":0,"_bbp_reply_count":0,"_bbp_total_topic_count":0,"_bbp_total_reply_count":0,"_bbp_voice_count":0,"_bbp_anonymous_reply_count":0,"_bbp_topic_count_hidden":0,"_bbp_reply_count_hidden":0,"_bbp_forum_subforum_count":0,"site-sidebar-layout":"default","site-content-layout":"","ast-site-content-layout":"","site-content-style":"default","site-sidebar-style":"default","ast-global-header-display":"","ast-banner-title-visibility":"","ast-main-header-display":"","ast-hfb-above-header-display":"","ast-hfb-below-header-display":"","ast-hfb-mobile-header-display":"","site-post-title":"","ast-breadcrumbs-content":"","ast-featured-img":"","footer-sml-layout":"","theme-transparent-header-meta":"","adv-header-id-meta":"","stick-header-meta":"","header-above-stick-meta":"","header-main-stick-meta":"","header-below-stick-meta":"","astra-migrate-meta-layouts":"default","ast-page-background-enabled":"default","ast-page-background-meta":{"desktop":{"background-color":"var(--ast-global-color-4)","background-image":"","background-repeat":"repeat","background-position":"center center","background-size":"auto","background-attachment":"scroll","background-type":"","background-media":"","overlay-type":"","overlay-color":"","overlay-opacity":"","overlay-gradient":""},"tablet":{"background-color":"","background-image":"","background-repeat":"repeat","background-position":"center center","background-size":"auto","background-attachment":"scroll","background-type":"","background-media":"","overlay-type":"","overlay-color":"","overlay-opacity":"","overlay-gradient":""},"mobile":{"background-color":"","background-image":"","background-repeat":"repeat","background-position":"center center","background-size":"auto","background-attachment":"scroll","background-type":"","background-media":"","overlay-type":"","overlay-color":"","overlay-opacity":"","overlay-gradient":""}},"ast-content-background-meta":{"desktop":{"background-color":"var(--ast-global-color-5)","background-image":"","background-repeat":"repeat","background-position":"center center","background-size":"auto","background-attachment":"scroll","background-type":"","background-media":"","overlay-type":"","overlay-color":"","overlay-opacity":"","overlay-gradient":""},"tablet":{"background-color":"var(--ast-global-color-5)","background-image":"","background-repeat":"repeat","background-position":"center center","background-size":"auto","background-attachment":"scroll","background-type":"","background-media":"","overlay-type":"","overlay-color":"","overlay-opacity":"","overlay-gradient":""},"mobile":{"background-color":"var(--ast-global-color-5)","background-image":"","background-repeat":"repeat","background-position":"center center","background-size":"auto","background-attachment":"scroll","background-type":"","background-media":"","overlay-type":"","overlay-color":"","overlay-opacity":"","overlay-gradient":""}},"footnotes":""},"categories":[1,4],"tags":[315,159,314,438],"class_list":["post-12304","post","type-post","status-publish","format-standard","has-post-thumbnail","hentry","category-general","category-portada","tag-centro_etwinning","tag-etwinning","tag-etwinning_school","tag-ii_conferencia_nacional"],"post_mailing_queue_ids":[],"_links":{"self":[{"href":"https:\/\/agora.xtec.cat\/ceip-barrufet-santboi\/wp-json\/wp\/v2\/posts\/12304","targetHints":{"allow":["GET"]}}],"collection":[{"href":"https:\/\/agora.xtec.cat\/ceip-barrufet-santboi\/wp-json\/wp\/v2\/posts"}],"about":[{"href":"https:\/\/agora.xtec.cat\/ceip-barrufet-santboi\/wp-json\/wp\/v2\/types\/post"}],"author":[{"embeddable":true,"href":"https:\/\/agora.xtec.cat\/ceip-barrufet-santboi\/wp-json\/wp\/v2\/users\/51"}],"replies":[{"embeddable":true,"href":"https:\/\/agora.xtec.cat\/ceip-barrufet-santboi\/wp-json\/wp\/v2\/comments?post=12304"}],"version-history":[{"count":1,"href":"https:\/\/agora.xtec.cat\/ceip-barrufet-santboi\/wp-json\/wp\/v2\/posts\/12304\/revisions"}],"predecessor-version":[{"id":12320,"href":"https:\/\/agora.xtec.cat\/ceip-barrufet-santboi\/wp-json\/wp\/v2\/posts\/12304\/revisions\/12320"}],"wp:featuredmedia":[{"embeddable":true,"href":"https:\/\/agora.xtec.cat\/ceip-barrufet-santboi\/wp-json\/wp\/v2\/media\/12305"}],"wp:attachment":[{"href":"https:\/\/agora.xtec.cat\/ceip-barrufet-santboi\/wp-json\/wp\/v2\/media?parent=12304"}],"wp:term":[{"taxonomy":"category","embeddable":true,"href":"https:\/\/agora.xtec.cat\/ceip-barrufet-santboi\/wp-json\/wp\/v2\/categories?post=12304"},{"taxonomy":"post_tag","embeddable":true,"href":"https:\/\/agora.xtec.cat\/ceip-barrufet-santboi\/wp-json\/wp\/v2\/tags?post=12304"}],"curies":[{"name":"wp","href":"https:\/\/api.w.org\/{rel}","templated":true}]}}