{"id":1185,"date":"2017-02-20T21:40:05","date_gmt":"2017-02-20T20:40:05","guid":{"rendered":"http:\/\/agora.xtec.cat\/ceip-barrufet-santboi\/?p=1185"},"modified":"2024-02-12T20:02:11","modified_gmt":"2024-02-12T19:02:11","slug":"sortida-a-la-fabrica-de-cacaolat","status":"publish","type":"post","link":"https:\/\/agora.xtec.cat\/ceip-barrufet-santboi\/blog-de-mitjans\/sortida-a-la-fabrica-de-cacaolat\/","title":{"rendered":"Sortida a la f\u00e0brica de Cacaolat"},"content":{"rendered":"<p><a href=\"http:\/\/agora.xtec.cat\/ceip-barrufet-santboi\/wp-content\/uploads\/usu1517\/2017\/02\/CACAOLAT-ETIQUETA.png\"><img loading=\"lazy\" decoding=\"async\" class=\"alignnone size-large wp-image-1940\" src=\"http:\/\/agora.xtec.cat\/ceip-barrufet-santboi\/wp-content\/uploads\/usu1517\/2017\/02\/CACAOLAT-ETIQUETA-1024x799.png\" alt=\"CACAOLAT-ETIQUETA\" width=\"1024\" height=\"799\" srcset=\"https:\/\/agora.xtec.cat\/ceip-barrufet-santboi\/wp-content\/uploads\/usu1517\/2017\/02\/CACAOLAT-ETIQUETA-1024x799.png 1024w, https:\/\/agora.xtec.cat\/ceip-barrufet-santboi\/wp-content\/uploads\/usu1517\/2017\/02\/CACAOLAT-ETIQUETA-300x234.png 300w, https:\/\/agora.xtec.cat\/ceip-barrufet-santboi\/wp-content\/uploads\/usu1517\/2017\/02\/CACAOLAT-ETIQUETA-768x599.png 768w, https:\/\/agora.xtec.cat\/ceip-barrufet-santboi\/wp-content\/uploads\/usu1517\/2017\/02\/CACAOLAT-ETIQUETA.png 1181w\" sizes=\"auto, (max-width: 1024px) 100vw, 1024px\" \/><\/a><\/p>\n<p>Aqu\u00ed teniu un <a href=\"https:\/\/photos.google.com\/share\/AF1QipM-u-zMl0LxvQWtqViI-PvUY9F_oa8Vs3n7ifpZy8zCExhUDjIJLS-BtabDdpI6Bw\/photo\/AF1QipPru7wbohGayoDKAAg3JABOuRHrX8uLyxmw3Ra_?key=WWNHTFEyN1l6LVltRzY0Z09saVJWMVZEamU5M2dn\" target=\"_blank\" rel=\"noopener\">petit reportatge gr\u00e0fic<\/a> de la sortida que hem realitzat amb els nois i noies de tercer a la f\u00e0brica &#8220;<a href=\"http:\/\/www.cacaolat.es\/ca\/\" target=\"_blank\" rel=\"noopener\">Cacaolat<\/a>&#8221; a Santa Coloma de Gramanet. Ens ha servit per a treballar a medi natural el tema de les plantes que tot just ara estem acabant. Hem treballat sobre l&#8217;arbre del qual s&#8217;obt\u00e9 el cacau, i sobre tot el proc\u00e9s d&#8217;elaboraci\u00f3 que es realitza en aquesta.<\/p>\n","protected":false},"excerpt":{"rendered":"<p>Aqu\u00ed teniu un petit reportatge gr\u00e0fic de la sortida que hem realitzat amb els nois i noies de tercer a la f\u00e0brica &#8220;Cacaolat&#8221; a Santa Coloma de Gramanet. Ens ha servit per a treballar a medi natural el tema de les plantes que tot just ara estem acabant. Hem treballat sobre l&#8217;arbre del qual s&#8217;obt\u00e9 [&hellip;]<\/p>\n","protected":false},"author":1,"featured_media":1940,"comment_status":"closed","ping_status":"closed","sticky":false,"template":"","format":"standard","meta":{"_bbp_topic_count":0,"_bbp_reply_count":0,"_bbp_total_topic_count":0,"_bbp_total_reply_count":0,"_bbp_voice_count":0,"_bbp_anonymous_reply_count":0,"_bbp_topic_count_hidden":0,"_bbp_reply_count_hidden":0,"_bbp_forum_subforum_count":0,"site-sidebar-layout":"default","site-content-layout":"","ast-site-content-layout":"","site-content-style":"default","site-sidebar-style":"default","ast-global-header-display":"","ast-banner-title-visibility":"","ast-main-header-display":"","ast-hfb-above-header-display":"","ast-hfb-below-header-display":"","ast-hfb-mobile-header-display":"","site-post-title":"","ast-breadcrumbs-content":"","ast-featured-img":"","footer-sml-layout":"","theme-transparent-header-meta":"","adv-header-id-meta":"","stick-header-meta":"","header-above-stick-meta":"","header-main-stick-meta":"","header-below-stick-meta":"","astra-migrate-meta-layouts":"default","ast-page-background-enabled":"default","ast-page-background-meta":{"desktop":{"background-color":"var(--ast-global-color-4)","background-image":"","background-repeat":"repeat","background-position":"center center","background-size":"auto","background-attachment":"scroll","background-type":"","background-media":"","overlay-type":"","overlay-color":"","overlay-opacity":"","overlay-gradient":""},"tablet":{"background-color":"","background-image":"","background-repeat":"repeat","background-position":"center center","background-size":"auto","background-attachment":"scroll","background-type":"","background-media":"","overlay-type":"","overlay-color":"","overlay-opacity":"","overlay-gradient":""},"mobile":{"background-color":"","background-image":"","background-repeat":"repeat","background-position":"center center","background-size":"auto","background-attachment":"scroll","background-type":"","background-media":"","overlay-type":"","overlay-color":"","overlay-opacity":"","overlay-gradient":""}},"ast-content-background-meta":{"desktop":{"background-color":"var(--ast-global-color-5)","background-image":"","background-repeat":"repeat","background-position":"center center","background-size":"auto","background-attachment":"scroll","background-type":"","background-media":"","overlay-type":"","overlay-color":"","overlay-opacity":"","overlay-gradient":""},"tablet":{"background-color":"var(--ast-global-color-5)","background-image":"","background-repeat":"repeat","background-position":"center center","background-size":"auto","background-attachment":"scroll","background-type":"","background-media":"","overlay-type":"","overlay-color":"","overlay-opacity":"","overlay-gradient":""},"mobile":{"background-color":"var(--ast-global-color-5)","background-image":"","background-repeat":"repeat","background-position":"center center","background-size":"auto","background-attachment":"scroll","background-type":"","background-media":"","overlay-type":"","overlay-color":"","overlay-opacity":"","overlay-gradient":""}},"footnotes":""},"categories":[431,430],"tags":[],"class_list":["post-1185","post","type-post","status-publish","format-standard","has-post-thumbnail","hentry","category-blog-de-grans","category-blog-de-mitjans"],"post_mailing_queue_ids":[],"_links":{"self":[{"href":"https:\/\/agora.xtec.cat\/ceip-barrufet-santboi\/wp-json\/wp\/v2\/posts\/1185","targetHints":{"allow":["GET"]}}],"collection":[{"href":"https:\/\/agora.xtec.cat\/ceip-barrufet-santboi\/wp-json\/wp\/v2\/posts"}],"about":[{"href":"https:\/\/agora.xtec.cat\/ceip-barrufet-santboi\/wp-json\/wp\/v2\/types\/post"}],"author":[{"embeddable":true,"href":"https:\/\/agora.xtec.cat\/ceip-barrufet-santboi\/wp-json\/wp\/v2\/users\/1"}],"replies":[{"embeddable":true,"href":"https:\/\/agora.xtec.cat\/ceip-barrufet-santboi\/wp-json\/wp\/v2\/comments?post=1185"}],"version-history":[{"count":3,"href":"https:\/\/agora.xtec.cat\/ceip-barrufet-santboi\/wp-json\/wp\/v2\/posts\/1185\/revisions"}],"predecessor-version":[{"id":12528,"href":"https:\/\/agora.xtec.cat\/ceip-barrufet-santboi\/wp-json\/wp\/v2\/posts\/1185\/revisions\/12528"}],"wp:featuredmedia":[{"embeddable":true,"href":"https:\/\/agora.xtec.cat\/ceip-barrufet-santboi\/wp-json\/wp\/v2\/media\/1940"}],"wp:attachment":[{"href":"https:\/\/agora.xtec.cat\/ceip-barrufet-santboi\/wp-json\/wp\/v2\/media?parent=1185"}],"wp:term":[{"taxonomy":"category","embeddable":true,"href":"https:\/\/agora.xtec.cat\/ceip-barrufet-santboi\/wp-json\/wp\/v2\/categories?post=1185"},{"taxonomy":"post_tag","embeddable":true,"href":"https:\/\/agora.xtec.cat\/ceip-barrufet-santboi\/wp-json\/wp\/v2\/tags?post=1185"}],"curies":[{"name":"wp","href":"https:\/\/api.w.org\/{rel}","templated":true}]}}