{"id":898,"date":"2017-02-28T19:15:48","date_gmt":"2017-02-28T18:15:48","guid":{"rendered":"http:\/\/blocs.xtec.cat\/escolabages5e\/?p=898"},"modified":"2017-02-28T19:15:48","modified_gmt":"2017-02-28T18:15:48","slug":"sortida-als-estudis-de-tv3","status":"publish","type":"post","link":"https:\/\/agora.xtec.cat\/ceip-bages\/general\/sortida-als-estudis-de-tv3\/","title":{"rendered":"SORTIDA ALS ESTUDIS DE TV3"},"content":{"rendered":"<p>Avui els alumnes de 5\u00e8 hem anat a visitar els estudis de TV3 a Sant Joan Desp\u00ed. Ens han explicat que la primera emissi\u00f3 que van fer va ser a l&#8217;any 1983 i que des de llavors els estudis no han parat de cr\u00e9ixer. A m\u00e9s, hem pogut veure el plat\u00f3 dels informatius, una\u00a0sala de control d&#8217;esports, el plat\u00f3 de l'&#8221;Oh Happy \u00a0Day&#8221; i del programa &#8220;Divendres&#8221;. Despr\u00e9s hem anat a dinar al Parc Torreblanca i com que els temps ens ha acompanyat ens hem divertit jugant i visitant el parc.<\/p>\n<p>Si cliqueu a la imatge podreu veure m\u00e9s fotos de la sortida!<\/p>\n<p><a href=\"https:\/\/photos.google.com\/share\/AF1QipMm1sJeHegoPXcGbPQBngfPiL2kfpB1oU4iLlqZB-sP8rdBMU1_7AjaSAt6l-BOnQ?key=MGhFc0RtRDRGd3BLS0xUYVNnUHZjT19XMkl3ZXdB\"><img loading=\"lazy\" decoding=\"async\" class=\"size-full wp-image-899 aligncenter\" src=\"https:\/\/agora.xtec.cat\/ceip-bages\/wp-content\/uploads\/usu1907\/2017\/02\/fgdfgd-e1493393303432.jpg\" alt=\"fgdfgd\" width=\"448\" height=\"336\" srcset=\"https:\/\/agora.xtec.cat\/ceip-bages\/wp-content\/uploads\/usu1907\/2017\/02\/fgdfgd-e1493393303432.jpg 448w, https:\/\/agora.xtec.cat\/ceip-bages\/wp-content\/uploads\/usu1907\/2017\/02\/fgdfgd-e1493393303432-300x225.jpg 300w, https:\/\/agora.xtec.cat\/ceip-bages\/wp-content\/uploads\/usu1907\/2017\/02\/fgdfgd-e1493393303432-200x150.jpg 200w\" sizes=\"auto, (max-width: 448px) 100vw, 448px\" \/><\/a><\/p>\n","protected":false},"excerpt":{"rendered":"<p>Avui els alumnes de 5\u00e8 hem anat a visitar els estudis de TV3 a Sant Joan Desp\u00ed. Ens han explicat que la primera emissi\u00f3 que van fer va ser a l&#8217;any 1983 i que des de llavors els estudis no han parat de cr\u00e9ixer. A&hellip;  <a href=\"https:\/\/agora.xtec.cat\/ceip-bages\/general\/sortida-als-estudis-de-tv3\/\" title=\"Read SORTIDA ALS ESTUDIS DE TV3\">Llegeix m\u00e9s\u00bb<\/a><\/p>\n","protected":false},"author":1,"featured_media":0,"comment_status":"closed","ping_status":"open","sticky":false,"template":"","format":"standard","meta":{"_bbp_topic_count":0,"_bbp_reply_count":0,"_bbp_total_topic_count":0,"_bbp_total_reply_count":0,"_bbp_voice_count":0,"_bbp_anonymous_reply_count":0,"_bbp_topic_count_hidden":0,"_bbp_reply_count_hidden":0,"_bbp_forum_subforum_count":0,"footnotes":""},"categories":[1],"tags":[],"class_list":["post-898","post","type-post","status-publish","format-standard","hentry","category-general"],"post_mailing_queue_ids":[],"_links":{"self":[{"href":"https:\/\/agora.xtec.cat\/ceip-bages\/wp-json\/wp\/v2\/posts\/898","targetHints":{"allow":["GET"]}}],"collection":[{"href":"https:\/\/agora.xtec.cat\/ceip-bages\/wp-json\/wp\/v2\/posts"}],"about":[{"href":"https:\/\/agora.xtec.cat\/ceip-bages\/wp-json\/wp\/v2\/types\/post"}],"author":[{"embeddable":true,"href":"https:\/\/agora.xtec.cat\/ceip-bages\/wp-json\/wp\/v2\/users\/1"}],"replies":[{"embeddable":true,"href":"https:\/\/agora.xtec.cat\/ceip-bages\/wp-json\/wp\/v2\/comments?post=898"}],"version-history":[{"count":0,"href":"https:\/\/agora.xtec.cat\/ceip-bages\/wp-json\/wp\/v2\/posts\/898\/revisions"}],"wp:attachment":[{"href":"https:\/\/agora.xtec.cat\/ceip-bages\/wp-json\/wp\/v2\/media?parent=898"}],"wp:term":[{"taxonomy":"category","embeddable":true,"href":"https:\/\/agora.xtec.cat\/ceip-bages\/wp-json\/wp\/v2\/categories?post=898"},{"taxonomy":"post_tag","embeddable":true,"href":"https:\/\/agora.xtec.cat\/ceip-bages\/wp-json\/wp\/v2\/tags?post=898"}],"curies":[{"name":"wp","href":"https:\/\/api.w.org\/{rel}","templated":true}]}}