{"id":746,"date":"2017-11-15T12:15:46","date_gmt":"2017-11-15T11:15:46","guid":{"rendered":"http:\/\/blocs.xtec.cat\/escolabages6e\/?p=746"},"modified":"2017-11-15T12:15:46","modified_gmt":"2017-11-15T11:15:46","slug":"ja-som-una-cooperativa-i-ara-que","status":"publish","type":"post","link":"https:\/\/agora.xtec.cat\/ceip-bages\/general\/ja-som-una-cooperativa-i-ara-que\/","title":{"rendered":"JA SOM UNA COOPERATIVA! I ARA, QU\u00c8?"},"content":{"rendered":"<p>Aquest curs estem treballant el projecte d&#8217;emprenedoria, que consisteix en crear una empresa.<\/p>\n<p>Vam fer una assamblea decidint qu\u00e8 seriem (cooperativa o societat an\u00f2nima). Finalment vam decidir ser una cooperativa perqu\u00e8 tothom en sigui propietari.<\/p>\n<p>Tamb\u00e9 vam fer un taller de logotips. Va venir l&#8217;Anna Mart\u00ed, professora de l&#8217;escola d&#8217;art de Manresa, i ens va explicar diferents coses sobre els logotips (colors, tipus de lletra, grand\u00e0ria, qu\u00e8 hav\u00edem de tenir en compte a l&#8217;hora de crear un logotip&#8230;).\u00a0Ens va semblar molt divertit i interessant. Ara ens toca a nosaltres dissenyar el nostre logotip!<\/p>\n<p>Aquests dies estem fent\u00a0 el proc\u00e9s d&#8217;escollir el nom de la cooperativa. Tots els nens i nenes de la classe faran una proposta i despr\u00e9s en assemblea votarem quin \u00e9s el nom de la nostra cooperativa.<\/p>\n<p>De moment totes les coses que hem fet ens\u00a0 han agradat i hem apr\u00e8s moltes coses.<\/p>\n<p>SEGUIREM INFORMANT!!!<\/p>\n<p>&nbsp;<\/p>\n<p style=\"text-align: right;\"><em>V\u00edctor S\u00e1nchez i Maria L\u00f3pez<\/em><\/p>\n<p>&nbsp;<\/p>\n<p>&nbsp;<\/p>\n","protected":false},"excerpt":{"rendered":"<p>Aquest curs estem treballant el projecte d&#8217;emprenedoria, que consisteix en crear una empresa.<br \/>\nVam fer una assamblea decidint qu\u00e8 seriem (cooperativa o societat an\u00f2nima). Finalment vam decidir ser una cooperativa perqu\u00e8 tothom en sigui propietari.<br \/>\nTamb\u00e9 vam fer un taller de logotips. Va venir l&#8217;Anna Mart\u00ed, professora&hellip;  <a href=\"https:\/\/agora.xtec.cat\/ceip-bages\/general\/ja-som-una-cooperativa-i-ara-que\/\" title=\"Read JA SOM UNA COOPERATIVA! I ARA, QU\u00c8?\">Llegeix m\u00e9s\u00bb<\/a><\/p>\n","protected":false},"author":1,"featured_media":0,"comment_status":"open","ping_status":"open","sticky":false,"template":"","format":"standard","meta":{"_bbp_topic_count":0,"_bbp_reply_count":0,"_bbp_total_topic_count":0,"_bbp_total_reply_count":0,"_bbp_voice_count":0,"_bbp_anonymous_reply_count":0,"_bbp_topic_count_hidden":0,"_bbp_reply_count_hidden":0,"_bbp_forum_subforum_count":0,"footnotes":""},"categories":[1],"tags":[],"class_list":["post-746","post","type-post","status-publish","format-standard","hentry","category-general"],"post_mailing_queue_ids":[],"_links":{"self":[{"href":"https:\/\/agora.xtec.cat\/ceip-bages\/wp-json\/wp\/v2\/posts\/746","targetHints":{"allow":["GET"]}}],"collection":[{"href":"https:\/\/agora.xtec.cat\/ceip-bages\/wp-json\/wp\/v2\/posts"}],"about":[{"href":"https:\/\/agora.xtec.cat\/ceip-bages\/wp-json\/wp\/v2\/types\/post"}],"author":[{"embeddable":true,"href":"https:\/\/agora.xtec.cat\/ceip-bages\/wp-json\/wp\/v2\/users\/1"}],"replies":[{"embeddable":true,"href":"https:\/\/agora.xtec.cat\/ceip-bages\/wp-json\/wp\/v2\/comments?post=746"}],"version-history":[{"count":0,"href":"https:\/\/agora.xtec.cat\/ceip-bages\/wp-json\/wp\/v2\/posts\/746\/revisions"}],"wp:attachment":[{"href":"https:\/\/agora.xtec.cat\/ceip-bages\/wp-json\/wp\/v2\/media?parent=746"}],"wp:term":[{"taxonomy":"category","embeddable":true,"href":"https:\/\/agora.xtec.cat\/ceip-bages\/wp-json\/wp\/v2\/categories?post=746"},{"taxonomy":"post_tag","embeddable":true,"href":"https:\/\/agora.xtec.cat\/ceip-bages\/wp-json\/wp\/v2\/tags?post=746"}],"curies":[{"name":"wp","href":"https:\/\/api.w.org\/{rel}","templated":true}]}}