{"id":2136,"date":"2020-11-22T18:39:57","date_gmt":"2020-11-22T17:39:57","guid":{"rendered":"http:\/\/agora.xtec.cat\/ceip-bages\/?p=2136"},"modified":"2020-11-22T18:39:57","modified_gmt":"2020-11-22T17:39:57","slug":"4t-audicio-dacordio","status":"publish","type":"post","link":"https:\/\/agora.xtec.cat\/ceip-bages\/general\/4t-audicio-dacordio\/","title":{"rendered":"4t: Audici\u00f3 d&#8217;acordi\u00f3"},"content":{"rendered":"<p>Dijous passat els alumnes de 4t vam tenir la sort de tenir la visita de la Maria Jos\u00e9. Ella toca l&#8217;acordi\u00f3 i ens va passar per les 3 classes a fer una audici\u00f3. Tamb\u00e9 ens va explicar l&#8217;instrument i li vam poder fer moltes preguntes ja que \u00e9s molt curi\u00f3s.<br \/>\nSabieu que \u00e9s un instrument de vent?<\/p>\n<p><a href=\"https:\/\/agora.xtec.cat\/ceip-bages\/wp-content\/uploads\/usu1907\/2020\/11\/WhatsApp-Image-2020-11-19-at-14.18.54-e1606066655858.jpeg\"><img loading=\"lazy\" decoding=\"async\" class=\"alignnone wp-image-2137 \" src=\"https:\/\/agora.xtec.cat\/ceip-bages\/wp-content\/uploads\/usu1907\/2020\/11\/WhatsApp-Image-2020-11-19-at-14.18.54-e1606066655858.jpeg\" alt=\"\" width=\"216\" height=\"253\" srcset=\"https:\/\/agora.xtec.cat\/ceip-bages\/wp-content\/uploads\/usu1907\/2020\/11\/WhatsApp-Image-2020-11-19-at-14.18.54-e1606066655858.jpeg 900w, https:\/\/agora.xtec.cat\/ceip-bages\/wp-content\/uploads\/usu1907\/2020\/11\/WhatsApp-Image-2020-11-19-at-14.18.54-e1606066655858-257x300.jpeg 257w, https:\/\/agora.xtec.cat\/ceip-bages\/wp-content\/uploads\/usu1907\/2020\/11\/WhatsApp-Image-2020-11-19-at-14.18.54-e1606066655858-768x898.jpeg 768w, https:\/\/agora.xtec.cat\/ceip-bages\/wp-content\/uploads\/usu1907\/2020\/11\/WhatsApp-Image-2020-11-19-at-14.18.54-e1606066655858-876x1024.jpeg 876w\" sizes=\"auto, (max-width: 216px) 100vw, 216px\" \/><\/a> <a href=\"https:\/\/agora.xtec.cat\/ceip-bages\/wp-content\/uploads\/usu1907\/2020\/11\/WhatsApp-Image-2020-11-19-at-14.18.55.jpeg\"><img loading=\"lazy\" decoding=\"async\" class=\"alignnone  wp-image-2138\" src=\"https:\/\/agora.xtec.cat\/ceip-bages\/wp-content\/uploads\/usu1907\/2020\/11\/WhatsApp-Image-2020-11-19-at-14.18.55.jpeg\" alt=\"\" width=\"437\" height=\"246\" srcset=\"https:\/\/agora.xtec.cat\/ceip-bages\/wp-content\/uploads\/usu1907\/2020\/11\/WhatsApp-Image-2020-11-19-at-14.18.55.jpeg 1600w, https:\/\/agora.xtec.cat\/ceip-bages\/wp-content\/uploads\/usu1907\/2020\/11\/WhatsApp-Image-2020-11-19-at-14.18.55-300x169.jpeg 300w, https:\/\/agora.xtec.cat\/ceip-bages\/wp-content\/uploads\/usu1907\/2020\/11\/WhatsApp-Image-2020-11-19-at-14.18.55-768x432.jpeg 768w, https:\/\/agora.xtec.cat\/ceip-bages\/wp-content\/uploads\/usu1907\/2020\/11\/WhatsApp-Image-2020-11-19-at-14.18.55-1024x576.jpeg 1024w\" sizes=\"auto, (max-width: 437px) 100vw, 437px\" \/><\/a> <a href=\"https:\/\/agora.xtec.cat\/ceip-bages\/wp-content\/uploads\/usu1907\/2020\/11\/WhatsApp-Image-2020-11-22-at-18.23.48-1-e1606066759709.jpeg\"><img loading=\"lazy\" decoding=\"async\" class=\"alignnone wp-image-2139 \" src=\"https:\/\/agora.xtec.cat\/ceip-bages\/wp-content\/uploads\/usu1907\/2020\/11\/WhatsApp-Image-2020-11-22-at-18.23.48-1-e1606066759709.jpeg\" alt=\"\" width=\"438\" height=\"243\" srcset=\"https:\/\/agora.xtec.cat\/ceip-bages\/wp-content\/uploads\/usu1907\/2020\/11\/WhatsApp-Image-2020-11-22-at-18.23.48-1-e1606066759709.jpeg 1625w, https:\/\/agora.xtec.cat\/ceip-bages\/wp-content\/uploads\/usu1907\/2020\/11\/WhatsApp-Image-2020-11-22-at-18.23.48-1-e1606066759709-300x166.jpeg 300w, https:\/\/agora.xtec.cat\/ceip-bages\/wp-content\/uploads\/usu1907\/2020\/11\/WhatsApp-Image-2020-11-22-at-18.23.48-1-e1606066759709-768x425.jpeg 768w, https:\/\/agora.xtec.cat\/ceip-bages\/wp-content\/uploads\/usu1907\/2020\/11\/WhatsApp-Image-2020-11-22-at-18.23.48-1-e1606066759709-1024x567.jpeg 1024w\" sizes=\"auto, (max-width: 438px) 100vw, 438px\" \/><\/a><\/p>\n","protected":false},"excerpt":{"rendered":"<p>Dijous passat els alumnes de 4t vam tenir la sort de tenir la visita de la Maria Jos\u00e9. Ella toca l&#8217;acordi\u00f3 i ens va passar per les 3 classes a fer una audici\u00f3. Tamb\u00e9 ens va explicar l&#8217;instrument i li vam poder fer moltes preguntes&hellip;  <a href=\"https:\/\/agora.xtec.cat\/ceip-bages\/general\/4t-audicio-dacordio\/\" title=\"Read 4t: Audici\u00f3 d&#8217;acordi\u00f3\">Llegeix m\u00e9s\u00bb<\/a><\/p>\n","protected":false},"author":1,"featured_media":2139,"comment_status":"open","ping_status":"closed","sticky":false,"template":"","format":"standard","meta":{"_bbp_topic_count":0,"_bbp_reply_count":0,"_bbp_total_topic_count":0,"_bbp_total_reply_count":0,"_bbp_voice_count":0,"_bbp_anonymous_reply_count":0,"_bbp_topic_count_hidden":0,"_bbp_reply_count_hidden":0,"_bbp_forum_subforum_count":0,"footnotes":""},"categories":[1,4],"tags":[],"class_list":["post-2136","post","type-post","status-publish","format-standard","has-post-thumbnail","hentry","category-general","category-portada"],"post_mailing_queue_ids":[],"_links":{"self":[{"href":"https:\/\/agora.xtec.cat\/ceip-bages\/wp-json\/wp\/v2\/posts\/2136","targetHints":{"allow":["GET"]}}],"collection":[{"href":"https:\/\/agora.xtec.cat\/ceip-bages\/wp-json\/wp\/v2\/posts"}],"about":[{"href":"https:\/\/agora.xtec.cat\/ceip-bages\/wp-json\/wp\/v2\/types\/post"}],"author":[{"embeddable":true,"href":"https:\/\/agora.xtec.cat\/ceip-bages\/wp-json\/wp\/v2\/users\/1"}],"replies":[{"embeddable":true,"href":"https:\/\/agora.xtec.cat\/ceip-bages\/wp-json\/wp\/v2\/comments?post=2136"}],"version-history":[{"count":1,"href":"https:\/\/agora.xtec.cat\/ceip-bages\/wp-json\/wp\/v2\/posts\/2136\/revisions"}],"predecessor-version":[{"id":2140,"href":"https:\/\/agora.xtec.cat\/ceip-bages\/wp-json\/wp\/v2\/posts\/2136\/revisions\/2140"}],"wp:featuredmedia":[{"embeddable":true,"href":"https:\/\/agora.xtec.cat\/ceip-bages\/wp-json\/wp\/v2\/media\/2139"}],"wp:attachment":[{"href":"https:\/\/agora.xtec.cat\/ceip-bages\/wp-json\/wp\/v2\/media?parent=2136"}],"wp:term":[{"taxonomy":"category","embeddable":true,"href":"https:\/\/agora.xtec.cat\/ceip-bages\/wp-json\/wp\/v2\/categories?post=2136"},{"taxonomy":"post_tag","embeddable":true,"href":"https:\/\/agora.xtec.cat\/ceip-bages\/wp-json\/wp\/v2\/tags?post=2136"}],"curies":[{"name":"wp","href":"https:\/\/api.w.org\/{rel}","templated":true}]}}