{"id":2096,"date":"2020-09-01T21:24:28","date_gmt":"2020-09-01T19:24:28","guid":{"rendered":"http:\/\/agora.xtec.cat\/ceip-bages\/?p=2096"},"modified":"2020-09-01T21:35:19","modified_gmt":"2020-09-01T19:35:19","slug":"iniciem-el-curs-20-21","status":"publish","type":"post","link":"https:\/\/agora.xtec.cat\/ceip-bages\/portada\/iniciem-el-curs-20-21\/","title":{"rendered":"Iniciem el curs 20\/21"},"content":{"rendered":"<p>Engeguem el curs 20\/21, un curs que de ben segur ser\u00e0 diferent i amb molts canvis.<br \/>\nL\u2019equip de mestres ja estem a l&#8217;escola treballant. Hem engegat a tope esperant si hi ha noves directrius que puguin arribar i adaptar-les a l\u2019escola.<br \/>\nEsperem poder\u00a0 comen\u00e7ar amb la m\u00e9s normalitat possible i si m\u00e9s no, entre tots farem el millor que sapiguem fer per que aix\u00f2 sigui aix\u00ed.<\/p>\n<p><a href=\"https:\/\/agora.xtec.cat\/ceip-bages\/wp-content\/uploads\/usu1907\/2020\/09\/vuelta_al_cole-1.jpg\"><img loading=\"lazy\" decoding=\"async\" class=\"alignnone wp-image-2099 size-full\" src=\"https:\/\/agora.xtec.cat\/ceip-bages\/wp-content\/uploads\/usu1907\/2020\/09\/vuelta_al_cole-1-e1598988877105.jpg\" alt=\"\" width=\"970\" height=\"434\" srcset=\"https:\/\/agora.xtec.cat\/ceip-bages\/wp-content\/uploads\/usu1907\/2020\/09\/vuelta_al_cole-1-e1598988877105.jpg 970w, https:\/\/agora.xtec.cat\/ceip-bages\/wp-content\/uploads\/usu1907\/2020\/09\/vuelta_al_cole-1-e1598988877105-300x134.jpg 300w, https:\/\/agora.xtec.cat\/ceip-bages\/wp-content\/uploads\/usu1907\/2020\/09\/vuelta_al_cole-1-e1598988877105-768x344.jpg 768w\" sizes=\"auto, (max-width: 970px) 100vw, 970px\" \/><\/a><\/p>\n","protected":false},"excerpt":{"rendered":"<p>Engeguem el curs 20\/21, un curs que de ben segur ser\u00e0 diferent i amb molts canvis.<br \/>\nL\u2019equip de mestres ja estem a l&#8217;escola treballant. Hem engegat a tope esperant si hi ha noves directrius que puguin arribar i adaptar-les a l\u2019escola.<br \/>\nEsperem poder\u00a0 comen\u00e7ar amb la m\u00e9s&hellip;  <a href=\"https:\/\/agora.xtec.cat\/ceip-bages\/portada\/iniciem-el-curs-20-21\/\" title=\"Read Iniciem el curs 20\/21\">Llegeix m\u00e9s\u00bb<\/a><\/p>\n","protected":false},"author":1,"featured_media":2099,"comment_status":"open","ping_status":"closed","sticky":false,"template":"","format":"standard","meta":{"_bbp_topic_count":0,"_bbp_reply_count":0,"_bbp_total_topic_count":0,"_bbp_total_reply_count":0,"_bbp_voice_count":0,"_bbp_anonymous_reply_count":0,"_bbp_topic_count_hidden":0,"_bbp_reply_count_hidden":0,"_bbp_forum_subforum_count":0,"footnotes":""},"categories":[4],"tags":[],"class_list":["post-2096","post","type-post","status-publish","format-standard","has-post-thumbnail","hentry","category-portada"],"post_mailing_queue_ids":[],"_links":{"self":[{"href":"https:\/\/agora.xtec.cat\/ceip-bages\/wp-json\/wp\/v2\/posts\/2096","targetHints":{"allow":["GET"]}}],"collection":[{"href":"https:\/\/agora.xtec.cat\/ceip-bages\/wp-json\/wp\/v2\/posts"}],"about":[{"href":"https:\/\/agora.xtec.cat\/ceip-bages\/wp-json\/wp\/v2\/types\/post"}],"author":[{"embeddable":true,"href":"https:\/\/agora.xtec.cat\/ceip-bages\/wp-json\/wp\/v2\/users\/1"}],"replies":[{"embeddable":true,"href":"https:\/\/agora.xtec.cat\/ceip-bages\/wp-json\/wp\/v2\/comments?post=2096"}],"version-history":[{"count":2,"href":"https:\/\/agora.xtec.cat\/ceip-bages\/wp-json\/wp\/v2\/posts\/2096\/revisions"}],"predecessor-version":[{"id":2100,"href":"https:\/\/agora.xtec.cat\/ceip-bages\/wp-json\/wp\/v2\/posts\/2096\/revisions\/2100"}],"wp:featuredmedia":[{"embeddable":true,"href":"https:\/\/agora.xtec.cat\/ceip-bages\/wp-json\/wp\/v2\/media\/2099"}],"wp:attachment":[{"href":"https:\/\/agora.xtec.cat\/ceip-bages\/wp-json\/wp\/v2\/media?parent=2096"}],"wp:term":[{"taxonomy":"category","embeddable":true,"href":"https:\/\/agora.xtec.cat\/ceip-bages\/wp-json\/wp\/v2\/categories?post=2096"},{"taxonomy":"post_tag","embeddable":true,"href":"https:\/\/agora.xtec.cat\/ceip-bages\/wp-json\/wp\/v2\/tags?post=2096"}],"curies":[{"name":"wp","href":"https:\/\/api.w.org\/{rel}","templated":true}]}}