{"id":1891,"date":"2020-07-22T14:31:41","date_gmt":"2020-07-22T12:31:41","guid":{"rendered":"http:\/\/agora.xtec.cat\/ceip-bages\/?p=1891"},"modified":"2020-09-01T21:36:39","modified_gmt":"2020-09-01T19:36:39","slug":"primeres-informacions-pel-curs-20-21","status":"publish","type":"post","link":"https:\/\/agora.xtec.cat\/ceip-bages\/general\/primeres-informacions-pel-curs-20-21\/","title":{"rendered":"Primeres informacions pel curs 20-21"},"content":{"rendered":"<p>Benvolgudes fam\u00edlies us fem saber que enguany no est\u00e0 llest el llibret informatiu a causa de les modificacions ocasionades per la COVID-19. En penjarem una versi\u00f3 provisional la \u00faltima setmana de juliol.<\/p>\n<p>El curs escolar s\u2019iniciar\u00e0 el <strong>14 de setembre<\/strong> amb una nova normalitat. Tots els serveis funcionaran\u00a0 amb les mesures higi\u00e8niques i sanit\u00e0ries establertes Departament de Salut. Per tant hi haur\u00e0 servei de menjador, extraescolars, servei d\u2019acollida,&#8230;<\/p>\n<p>Aprofitant l\u2019avinentesa us avancem algunes dels aspectes a tenir en compte per a l\u2019organitzaci\u00f3 i funcionament del proper curs:<\/p>\n<ul>\n<li>BATES: Els alumnes de 1r a 4t <strong>NO<\/strong> hauran de dur bata de manera habitual. S\u00ed que n\u2019hauran de tenir una a l\u2019escola per quan sigui necessari (activitats pl\u00e0stiques, laboratori,&#8230;). De P3 a P5 continuaran utilitzant la bata. 5\u00e8 i 6\u00e8, com ja f\u00e8iem ara, no n\u2019han de dur.<\/li>\n<li>ENTRADES I SORTIDES:<\/li>\n<\/ul>\n<p>Per tal de descongestionar les entrades i les sortides hi haur\u00e0 dos accessos:<\/p>\n<p>CARRER S\u00c8QUIA \u2013 CM i CS<\/p>\n<p>CARRER ROSSELL\u00d3 \u2013 EI i CI<\/p>\n<p>Per l\u2019entrada i sortida esglaonada hi haur\u00e0 2 franges hor\u00e0ries:<\/p>\n<p>Mat\u00ed: 9 i 9:10<\/p>\n<p>Tarda: 16:30 i 16:40<\/p>\n<p>L\u2019horari del migdia ser\u00e0 l\u2019habitual (12:30 i 15h)<\/p>\n<p>&nbsp;<\/p>\n<p>Seguint les instruccions del Departament, a hores d\u2019ara, les fam\u00edlies no podran accedir dins del recinte escolar sempre hi quan no sigui un motiu justificat o amb cita pr\u00e8via.<\/p>\n<p>Ja us anirem informant i explicant al respecte a les reunions de pares. Cal mirar-se per\u00f2 el llibret informatiu quan es pengi.<\/p>\n<p>Descanseu, gaudiu de l\u2019estiu i ens veiem a la tornada.<\/p>\n<p>&nbsp;<\/p>\n<p>Equip directiu<\/p>\n<p style=\"text-align: right;\">Manresa, 22 de juliol de 2020<\/p>\n<p>&nbsp;<\/p>\n<pre><em>*Les mesures establertes s\u00f3n susceptibles a canvis que hi puguin haver a darrera hora en funci\u00f3 de la situaci\u00f3 de la pand\u00e8mia.<\/em><\/pre>\n","protected":false},"excerpt":{"rendered":"<p>El curs escolar s\u2019iniciar\u00e0 el 14 de setembre amb una nova normalitat. Tots els serveis funcionaran\u00a0 amb les mesures higi\u00e8niques i sanit\u00e0ries establertes Departament de Salut. Per tant hi haur\u00e0 servei de menjador, extraescolars, servei d\u2019acollida,&#8230;&hellip;  <a href=\"https:\/\/agora.xtec.cat\/ceip-bages\/general\/primeres-informacions-pel-curs-20-21\/\" title=\"Read Primeres informacions pel curs 20-21\">Llegeix m\u00e9s\u00bb<\/a><\/p>\n","protected":false},"author":1,"featured_media":1892,"comment_status":"open","ping_status":"closed","sticky":false,"template":"","format":"standard","meta":{"_bbp_topic_count":0,"_bbp_reply_count":0,"_bbp_total_topic_count":0,"_bbp_total_reply_count":0,"_bbp_voice_count":0,"_bbp_anonymous_reply_count":0,"_bbp_topic_count_hidden":0,"_bbp_reply_count_hidden":0,"_bbp_forum_subforum_count":0,"footnotes":""},"categories":[1,4],"tags":[],"class_list":["post-1891","post","type-post","status-publish","format-standard","has-post-thumbnail","hentry","category-general","category-portada"],"post_mailing_queue_ids":[],"_links":{"self":[{"href":"https:\/\/agora.xtec.cat\/ceip-bages\/wp-json\/wp\/v2\/posts\/1891","targetHints":{"allow":["GET"]}}],"collection":[{"href":"https:\/\/agora.xtec.cat\/ceip-bages\/wp-json\/wp\/v2\/posts"}],"about":[{"href":"https:\/\/agora.xtec.cat\/ceip-bages\/wp-json\/wp\/v2\/types\/post"}],"author":[{"embeddable":true,"href":"https:\/\/agora.xtec.cat\/ceip-bages\/wp-json\/wp\/v2\/users\/1"}],"replies":[{"embeddable":true,"href":"https:\/\/agora.xtec.cat\/ceip-bages\/wp-json\/wp\/v2\/comments?post=1891"}],"version-history":[{"count":3,"href":"https:\/\/agora.xtec.cat\/ceip-bages\/wp-json\/wp\/v2\/posts\/1891\/revisions"}],"predecessor-version":[{"id":2036,"href":"https:\/\/agora.xtec.cat\/ceip-bages\/wp-json\/wp\/v2\/posts\/1891\/revisions\/2036"}],"wp:featuredmedia":[{"embeddable":true,"href":"https:\/\/agora.xtec.cat\/ceip-bages\/wp-json\/wp\/v2\/media\/1892"}],"wp:attachment":[{"href":"https:\/\/agora.xtec.cat\/ceip-bages\/wp-json\/wp\/v2\/media?parent=1891"}],"wp:term":[{"taxonomy":"category","embeddable":true,"href":"https:\/\/agora.xtec.cat\/ceip-bages\/wp-json\/wp\/v2\/categories?post=1891"},{"taxonomy":"post_tag","embeddable":true,"href":"https:\/\/agora.xtec.cat\/ceip-bages\/wp-json\/wp\/v2\/tags?post=1891"}],"curies":[{"name":"wp","href":"https:\/\/api.w.org\/{rel}","templated":true}]}}