{"id":1743,"date":"2018-02-14T16:17:01","date_gmt":"2018-02-14T15:17:01","guid":{"rendered":"http:\/\/blocs.xtec.cat\/escolabages6e\/?p=845"},"modified":"2018-02-14T16:17:01","modified_gmt":"2018-02-14T15:17:01","slug":"instroniks","status":"publish","type":"post","link":"https:\/\/agora.xtec.cat\/ceip-bages\/general\/instroniks\/","title":{"rendered":"INSTR\u00d2NIKS"},"content":{"rendered":"<p>La setmana passada el Marc Sibila i el Jordi Divins d&#8217;Instr\u00f2niks ens van fer un taller d&#8217;instruments musicals electr\u00f2nics. Ens van ensenyar instruments que es van inventar ells amb material reciclat, vam fer melodies de can\u00e7ons conegudes i vam fer un munt de jocs amb els instruments que portaven. Va ser sorprenent que pugessin fer m\u00fasica amb material reciclat! Va ser molt divertit i ens va agradar molt. Ens ho vam passar genial!<\/p>\n<p style=\"text-align: right;\"><em>Khaled Nahal<\/em><\/p>\n<p><a href=\"http:\/\/blocs.xtec.cat\/escolabages6e\/files\/2018\/02\/IMG-20180209-WA0013.jpg\"><img loading=\"lazy\" decoding=\"async\" class=\"alignnone size-large wp-image-847\" src=\"http:\/\/blocs.xtec.cat\/escolabages6e\/files\/2018\/02\/IMG-20180209-WA0013-1024x576.jpg\" alt=\"\" width=\"584\" height=\"329\" \/><\/a> <a href=\"http:\/\/blocs.xtec.cat\/escolabages6e\/files\/2018\/02\/IMG-20180209-WA0016.jpg\"><img loading=\"lazy\" decoding=\"async\" class=\"alignnone size-large wp-image-848\" src=\"http:\/\/blocs.xtec.cat\/escolabages6e\/files\/2018\/02\/IMG-20180209-WA0016-1024x576.jpg\" alt=\"\" width=\"584\" height=\"329\" \/><\/a> <a href=\"http:\/\/blocs.xtec.cat\/escolabages6e\/files\/2018\/02\/IMG-20180209-WA0019.jpg\"><img loading=\"lazy\" decoding=\"async\" class=\"alignnone size-large wp-image-849\" src=\"http:\/\/blocs.xtec.cat\/escolabages6e\/files\/2018\/02\/IMG-20180209-WA0019-1024x576.jpg\" alt=\"\" width=\"584\" height=\"329\" \/><\/a><\/p>\n","protected":false},"excerpt":{"rendered":"<p>La setmana passada el Marc Sibila i el Jordi Divins d&#8217;Instr\u00f2niks ens van fer un taller d&#8217;instruments musicals electr\u00f2nics. Ens van ensenyar instruments que es van inventar ells amb material reciclat, vam fer melodies de can\u00e7ons conegudes i vam fer un munt de jocs amb&hellip;  <a href=\"https:\/\/agora.xtec.cat\/ceip-bages\/general\/instroniks\/\" title=\"Read INSTR\u00d2NIKS\">Llegeix m\u00e9s\u00bb<\/a><\/p>\n","protected":false},"author":1,"featured_media":0,"comment_status":"open","ping_status":"open","sticky":false,"template":"","format":"standard","meta":{"_bbp_topic_count":0,"_bbp_reply_count":0,"_bbp_total_topic_count":0,"_bbp_total_reply_count":0,"_bbp_voice_count":0,"_bbp_anonymous_reply_count":0,"_bbp_topic_count_hidden":0,"_bbp_reply_count_hidden":0,"_bbp_forum_subforum_count":0,"footnotes":""},"categories":[1],"tags":[],"class_list":["post-1743","post","type-post","status-publish","format-standard","hentry","category-general"],"post_mailing_queue_ids":[],"_links":{"self":[{"href":"https:\/\/agora.xtec.cat\/ceip-bages\/wp-json\/wp\/v2\/posts\/1743","targetHints":{"allow":["GET"]}}],"collection":[{"href":"https:\/\/agora.xtec.cat\/ceip-bages\/wp-json\/wp\/v2\/posts"}],"about":[{"href":"https:\/\/agora.xtec.cat\/ceip-bages\/wp-json\/wp\/v2\/types\/post"}],"author":[{"embeddable":true,"href":"https:\/\/agora.xtec.cat\/ceip-bages\/wp-json\/wp\/v2\/users\/1"}],"replies":[{"embeddable":true,"href":"https:\/\/agora.xtec.cat\/ceip-bages\/wp-json\/wp\/v2\/comments?post=1743"}],"version-history":[{"count":0,"href":"https:\/\/agora.xtec.cat\/ceip-bages\/wp-json\/wp\/v2\/posts\/1743\/revisions"}],"wp:attachment":[{"href":"https:\/\/agora.xtec.cat\/ceip-bages\/wp-json\/wp\/v2\/media?parent=1743"}],"wp:term":[{"taxonomy":"category","embeddable":true,"href":"https:\/\/agora.xtec.cat\/ceip-bages\/wp-json\/wp\/v2\/categories?post=1743"},{"taxonomy":"post_tag","embeddable":true,"href":"https:\/\/agora.xtec.cat\/ceip-bages\/wp-json\/wp\/v2\/tags?post=1743"}],"curies":[{"name":"wp","href":"https:\/\/api.w.org\/{rel}","templated":true}]}}