{"id":1129,"date":"2018-03-20T16:28:30","date_gmt":"2018-03-20T15:28:30","guid":{"rendered":"http:\/\/blocs.xtec.cat\/escolabages5e\/?p=1129"},"modified":"2018-03-20T16:28:30","modified_gmt":"2018-03-20T15:28:30","slug":"stephen-hawking","status":"publish","type":"post","link":"https:\/\/agora.xtec.cat\/ceip-bages\/general\/stephen-hawking\/","title":{"rendered":"STEPHEN HAWKING"},"content":{"rendered":"<p>El passat dia 14\/3\/18 ens va deixar l&#8217;astrof\u00edsic Stephen Hawking i hem volgut fer un petit homenatge per agrair i recordar totes les tasques que va fer en l&#8217;estudi de l&#8217;univers. Va aportar informaci\u00f3 molt interessant i conceptes nous sobre els forats negres, la f\u00edsica qu\u00e0ntica, la relativitat,&#8230;<br \/>\nHem de valorar que, tot i que tenia una enfermetat degenerativa anomenada escler\u00f2si , es va esfor\u00e7ar molt en fer investigacions sobre la ci\u00e8ncia.<br \/>\nVa escriure molts llibres i va explicar molt b\u00e9 moltes coses interessants de l&#8217;univers.<\/p>\n<figure class=\"figure wp-caption alignleft\"><a href=\"https:\/\/agora.xtec.cat\/ceip-bages\/wp-content\/uploads\/usu1907\/2018\/03\/w-grup-mural.jpg\"><img loading=\"lazy\" decoding=\"async\" class=\"size-full wp-image-1132\" src=\"https:\/\/agora.xtec.cat\/ceip-bages\/wp-content\/uploads\/usu1907\/2018\/03\/w-grup-mural.jpg\" alt=\"\" width=\"448\" height=\"336\" srcset=\"https:\/\/agora.xtec.cat\/ceip-bages\/wp-content\/uploads\/usu1907\/2018\/03\/w-grup-mural.jpg 448w, https:\/\/agora.xtec.cat\/ceip-bages\/wp-content\/uploads\/usu1907\/2018\/03\/w-grup-mural-300x225.jpg 300w, https:\/\/agora.xtec.cat\/ceip-bages\/wp-content\/uploads\/usu1907\/2018\/03\/w-grup-mural-200x150.jpg 200w\" sizes=\"auto, (max-width: 448px) 100vw, 448px\" \/><\/a><figcaption class=\"wp-caption-text\">Recordant Stephen Hawking<\/figcaption><\/figure>\n<figure class=\"figure wp-caption alignleft\"><a href=\"https:\/\/agora.xtec.cat\/ceip-bages\/wp-content\/uploads\/usu1907\/2018\/03\/w-mural-stephen.jpg\"><img loading=\"lazy\" decoding=\"async\" class=\"size-full wp-image-1133\" src=\"https:\/\/agora.xtec.cat\/ceip-bages\/wp-content\/uploads\/usu1907\/2018\/03\/w-mural-stephen.jpg\" alt=\"\" width=\"448\" height=\"336\" srcset=\"https:\/\/agora.xtec.cat\/ceip-bages\/wp-content\/uploads\/usu1907\/2018\/03\/w-mural-stephen.jpg 448w, https:\/\/agora.xtec.cat\/ceip-bages\/wp-content\/uploads\/usu1907\/2018\/03\/w-mural-stephen-300x225.jpg 300w, https:\/\/agora.xtec.cat\/ceip-bages\/wp-content\/uploads\/usu1907\/2018\/03\/w-mural-stephen-200x150.jpg 200w\" sizes=\"auto, (max-width: 448px) 100vw, 448px\" \/><\/a><figcaption class=\"wp-caption-text\">Mural<\/figcaption><\/figure>\n","protected":false},"excerpt":{"rendered":"<p>El passat dia 14\/3\/18 ens va deixar l&#8217;astrof\u00edsic Stephen Hawking i hem volgut fer un petit homenatge per agrair i recordar totes les tasques que va fer en l&#8217;estudi de l&#8217;univers. Va aportar informaci\u00f3 molt interessant i conceptes nous sobre els forats negres, la f\u00edsica&hellip;  <a href=\"https:\/\/agora.xtec.cat\/ceip-bages\/general\/stephen-hawking\/\" title=\"Read STEPHEN HAWKING\">Llegeix m\u00e9s\u00bb<\/a><\/p>\n","protected":false},"author":1,"featured_media":0,"comment_status":"closed","ping_status":"closed","sticky":false,"template":"","format":"standard","meta":{"_bbp_topic_count":0,"_bbp_reply_count":0,"_bbp_total_topic_count":0,"_bbp_total_reply_count":0,"_bbp_voice_count":0,"_bbp_anonymous_reply_count":0,"_bbp_topic_count_hidden":0,"_bbp_reply_count_hidden":0,"_bbp_forum_subforum_count":0,"footnotes":""},"categories":[1],"tags":[],"class_list":["post-1129","post","type-post","status-publish","format-standard","hentry","category-general"],"post_mailing_queue_ids":[],"_links":{"self":[{"href":"https:\/\/agora.xtec.cat\/ceip-bages\/wp-json\/wp\/v2\/posts\/1129","targetHints":{"allow":["GET"]}}],"collection":[{"href":"https:\/\/agora.xtec.cat\/ceip-bages\/wp-json\/wp\/v2\/posts"}],"about":[{"href":"https:\/\/agora.xtec.cat\/ceip-bages\/wp-json\/wp\/v2\/types\/post"}],"author":[{"embeddable":true,"href":"https:\/\/agora.xtec.cat\/ceip-bages\/wp-json\/wp\/v2\/users\/1"}],"replies":[{"embeddable":true,"href":"https:\/\/agora.xtec.cat\/ceip-bages\/wp-json\/wp\/v2\/comments?post=1129"}],"version-history":[{"count":0,"href":"https:\/\/agora.xtec.cat\/ceip-bages\/wp-json\/wp\/v2\/posts\/1129\/revisions"}],"wp:attachment":[{"href":"https:\/\/agora.xtec.cat\/ceip-bages\/wp-json\/wp\/v2\/media?parent=1129"}],"wp:term":[{"taxonomy":"category","embeddable":true,"href":"https:\/\/agora.xtec.cat\/ceip-bages\/wp-json\/wp\/v2\/categories?post=1129"},{"taxonomy":"post_tag","embeddable":true,"href":"https:\/\/agora.xtec.cat\/ceip-bages\/wp-json\/wp\/v2\/tags?post=1129"}],"curies":[{"name":"wp","href":"https:\/\/api.w.org\/{rel}","templated":true}]}}