{"id":1092,"date":"2018-03-05T11:30:24","date_gmt":"2018-03-05T10:30:24","guid":{"rendered":"http:\/\/blocs.xtec.cat\/escolabages5e\/?p=1092"},"modified":"2018-03-05T11:30:24","modified_gmt":"2018-03-05T10:30:24","slug":"sortida-al-museu-dhistoria-de-catalunya","status":"publish","type":"post","link":"https:\/\/agora.xtec.cat\/ceip-bages\/general\/sortida-al-museu-dhistoria-de-catalunya\/","title":{"rendered":"SORTIDA AL MUSEU D\u2019HIST\u00d2RIA DE CATALUNYA"},"content":{"rendered":"<p>El 14 de febrer els alumnes de 5\u00e8 vam anar a Barcelona per visitar el Museu d\u2019Hist\u00f2ria de Catalunya. A trav\u00e9s de la vida quotidiana i dels habitatges, vam aprendre tota la hist\u00f2ria, des de la prehist\u00f2ria fins a l\u2019edat contempor\u00e0nia. Vam representar totes les edats tot vestint-nos d&#8217;\u00e8poca. Despr\u00e9s, vam anar a dibuixar l&#8217;est\u00e0tua de Colom, els Miraestels (petites escultures que hi ha a damunt del mar) i altres elements de l&#8217;entorn.<\/p>\n<p>Ens ho vam passar molt b\u00e9!<\/p>\n\n","protected":false},"excerpt":{"rendered":"<p>El 14 de febrer els alumnes de 5\u00e8 vam anar a Barcelona per visitar el Museu d\u2019Hist\u00f2ria de Catalunya. A trav\u00e9s de la vida quotidiana i dels habitatges, vam aprendre tota la hist\u00f2ria, des de la prehist\u00f2ria fins a l\u2019edat contempor\u00e0nia. Vam representar totes les&hellip;  <a href=\"https:\/\/agora.xtec.cat\/ceip-bages\/general\/sortida-al-museu-dhistoria-de-catalunya\/\" title=\"Read SORTIDA AL MUSEU D\u2019HIST\u00d2RIA DE CATALUNYA\">Llegeix m\u00e9s\u00bb<\/a><\/p>\n","protected":false},"author":1,"featured_media":0,"comment_status":"closed","ping_status":"closed","sticky":false,"template":"","format":"standard","meta":{"_bbp_topic_count":0,"_bbp_reply_count":0,"_bbp_total_topic_count":0,"_bbp_total_reply_count":0,"_bbp_voice_count":0,"_bbp_anonymous_reply_count":0,"_bbp_topic_count_hidden":0,"_bbp_reply_count_hidden":0,"_bbp_forum_subforum_count":0,"footnotes":""},"categories":[1],"tags":[],"class_list":["post-1092","post","type-post","status-publish","format-standard","hentry","category-general"],"post_mailing_queue_ids":[],"_links":{"self":[{"href":"https:\/\/agora.xtec.cat\/ceip-bages\/wp-json\/wp\/v2\/posts\/1092","targetHints":{"allow":["GET"]}}],"collection":[{"href":"https:\/\/agora.xtec.cat\/ceip-bages\/wp-json\/wp\/v2\/posts"}],"about":[{"href":"https:\/\/agora.xtec.cat\/ceip-bages\/wp-json\/wp\/v2\/types\/post"}],"author":[{"embeddable":true,"href":"https:\/\/agora.xtec.cat\/ceip-bages\/wp-json\/wp\/v2\/users\/1"}],"replies":[{"embeddable":true,"href":"https:\/\/agora.xtec.cat\/ceip-bages\/wp-json\/wp\/v2\/comments?post=1092"}],"version-history":[{"count":0,"href":"https:\/\/agora.xtec.cat\/ceip-bages\/wp-json\/wp\/v2\/posts\/1092\/revisions"}],"wp:attachment":[{"href":"https:\/\/agora.xtec.cat\/ceip-bages\/wp-json\/wp\/v2\/media?parent=1092"}],"wp:term":[{"taxonomy":"category","embeddable":true,"href":"https:\/\/agora.xtec.cat\/ceip-bages\/wp-json\/wp\/v2\/categories?post=1092"},{"taxonomy":"post_tag","embeddable":true,"href":"https:\/\/agora.xtec.cat\/ceip-bages\/wp-json\/wp\/v2\/tags?post=1092"}],"curies":[{"name":"wp","href":"https:\/\/api.w.org\/{rel}","templated":true}]}}