{"id":1030,"date":"2018-03-05T11:20:56","date_gmt":"2018-03-05T10:20:56","guid":{"rendered":"http:\/\/blocs.xtec.cat\/escolabages5e\/?p=1030"},"modified":"2018-03-05T11:20:56","modified_gmt":"2018-03-05T10:20:56","slug":"creixement-de-bulbs-de-jacints","status":"publish","type":"post","link":"https:\/\/agora.xtec.cat\/ceip-bages\/general\/creixement-de-bulbs-de-jacints\/","title":{"rendered":"CREIXEMENT DE BULBS DE JACINTS"},"content":{"rendered":"<p>Per poder observar, estudiar i analitzar el creixement d&#8217;uns jacints, hem posat uns bulbs en uns recipients de vidre amb aigua i aix\u00ed podrem observar tant el creixement de les arrels, perqu\u00e8 \u00e9s transparent, com la tija i les flors. I tamb\u00e9 els tropismes, que s\u00f3n els moviments que fan alguns \u00f3rgans de les plantes davant alguns est\u00edmuls, com apropar-se a la llum&#8230;<br \/>\nUna vegada a la setmana prenem la mida de la tija, amb cent\u00edmetres i mil.l\u00edmetres, primer fem una graella i al final farem una gr\u00e0fica per veure la seva evoluci\u00f3.<br \/>\nEl resultat \u00e9s extraordinari, tot ha quedat molt b\u00e9, la classe t\u00e9 unes flors molt boniques i fan molt bona olor!<\/p>\n<figure class=\"figure wp-caption alignleft\"><a href=\"https:\/\/agora.xtec.cat\/ceip-bages\/wp-content\/uploads\/usu1907\/2018\/03\/w-bulbs-de-jacint.jpg\"><img loading=\"lazy\" decoding=\"async\" class=\"size-full wp-image-1109\" src=\"https:\/\/agora.xtec.cat\/ceip-bages\/wp-content\/uploads\/usu1907\/2018\/03\/w-bulbs-de-jacint.jpg\" alt=\"\" width=\"448\" height=\"336\" srcset=\"https:\/\/agora.xtec.cat\/ceip-bages\/wp-content\/uploads\/usu1907\/2018\/03\/w-bulbs-de-jacint.jpg 448w, https:\/\/agora.xtec.cat\/ceip-bages\/wp-content\/uploads\/usu1907\/2018\/03\/w-bulbs-de-jacint-300x225.jpg 300w, https:\/\/agora.xtec.cat\/ceip-bages\/wp-content\/uploads\/usu1907\/2018\/03\/w-bulbs-de-jacint-200x150.jpg 200w\" sizes=\"auto, (max-width: 448px) 100vw, 448px\" \/><\/a><figcaption class=\"wp-caption-text\">bulbs de jacint<\/figcaption><\/figure>\n<p><a href=\"https:\/\/agora.xtec.cat\/ceip-bages\/wp-content\/uploads\/usu1907\/2018\/03\/w-prenent-mides.jpg\"><img \/><\/a><\/p>\n<figure class=\"figure wp-caption alignleft\"><a href=\"https:\/\/agora.xtec.cat\/ceip-bages\/wp-content\/uploads\/usu1907\/2018\/03\/w-examinem-les-parts.jpg\"><img loading=\"lazy\" decoding=\"async\" class=\"size-full wp-image-1110\" src=\"https:\/\/agora.xtec.cat\/ceip-bages\/wp-content\/uploads\/usu1907\/2018\/03\/w-examinem-les-parts.jpg\" alt=\"\" width=\"448\" height=\"336\" srcset=\"https:\/\/agora.xtec.cat\/ceip-bages\/wp-content\/uploads\/usu1907\/2018\/03\/w-examinem-les-parts.jpg 448w, https:\/\/agora.xtec.cat\/ceip-bages\/wp-content\/uploads\/usu1907\/2018\/03\/w-examinem-les-parts-300x225.jpg 300w, https:\/\/agora.xtec.cat\/ceip-bages\/wp-content\/uploads\/usu1907\/2018\/03\/w-examinem-les-parts-200x150.jpg 200w\" sizes=\"auto, (max-width: 448px) 100vw, 448px\" \/><\/a><figcaption class=\"wp-caption-text\">Examinem les parts<\/figcaption><\/figure>\n<figure class=\"figure wp-caption alignleft\"><a href=\"https:\/\/agora.xtec.cat\/ceip-bages\/wp-content\/uploads\/usu1907\/2018\/03\/w-mesurem-amb-el-regle.jpg\"><img loading=\"lazy\" decoding=\"async\" class=\"size-full wp-image-1111\" src=\"https:\/\/agora.xtec.cat\/ceip-bages\/wp-content\/uploads\/usu1907\/2018\/03\/w-mesurem-amb-el-regle.jpg\" alt=\"\" width=\"448\" height=\"336\" srcset=\"https:\/\/agora.xtec.cat\/ceip-bages\/wp-content\/uploads\/usu1907\/2018\/03\/w-mesurem-amb-el-regle.jpg 448w, https:\/\/agora.xtec.cat\/ceip-bages\/wp-content\/uploads\/usu1907\/2018\/03\/w-mesurem-amb-el-regle-300x225.jpg 300w, https:\/\/agora.xtec.cat\/ceip-bages\/wp-content\/uploads\/usu1907\/2018\/03\/w-mesurem-amb-el-regle-200x150.jpg 200w\" sizes=\"auto, (max-width: 448px) 100vw, 448px\" \/><\/a><figcaption class=\"wp-caption-text\">Mesurem amb el regle<\/figcaption><\/figure>\n","protected":false},"excerpt":{"rendered":"<p>Per poder observar, estudiar i analitzar el creixement d&#8217;uns jacints, hem posat uns bulbs en uns recipients de vidre amb aigua i aix\u00ed podrem observar tant el creixement de les arrels, perqu\u00e8 \u00e9s transparent, com la tija i les flors. I tamb\u00e9 els tropismes, que&hellip;  <a href=\"https:\/\/agora.xtec.cat\/ceip-bages\/general\/creixement-de-bulbs-de-jacints\/\" title=\"Read CREIXEMENT DE BULBS DE JACINTS\">Llegeix m\u00e9s\u00bb<\/a><\/p>\n","protected":false},"author":1,"featured_media":0,"comment_status":"closed","ping_status":"closed","sticky":false,"template":"","format":"standard","meta":{"_bbp_topic_count":0,"_bbp_reply_count":0,"_bbp_total_topic_count":0,"_bbp_total_reply_count":0,"_bbp_voice_count":0,"_bbp_anonymous_reply_count":0,"_bbp_topic_count_hidden":0,"_bbp_reply_count_hidden":0,"_bbp_forum_subforum_count":0,"footnotes":""},"categories":[1],"tags":[],"class_list":["post-1030","post","type-post","status-publish","format-standard","hentry","category-general"],"post_mailing_queue_ids":[],"_links":{"self":[{"href":"https:\/\/agora.xtec.cat\/ceip-bages\/wp-json\/wp\/v2\/posts\/1030","targetHints":{"allow":["GET"]}}],"collection":[{"href":"https:\/\/agora.xtec.cat\/ceip-bages\/wp-json\/wp\/v2\/posts"}],"about":[{"href":"https:\/\/agora.xtec.cat\/ceip-bages\/wp-json\/wp\/v2\/types\/post"}],"author":[{"embeddable":true,"href":"https:\/\/agora.xtec.cat\/ceip-bages\/wp-json\/wp\/v2\/users\/1"}],"replies":[{"embeddable":true,"href":"https:\/\/agora.xtec.cat\/ceip-bages\/wp-json\/wp\/v2\/comments?post=1030"}],"version-history":[{"count":0,"href":"https:\/\/agora.xtec.cat\/ceip-bages\/wp-json\/wp\/v2\/posts\/1030\/revisions"}],"wp:attachment":[{"href":"https:\/\/agora.xtec.cat\/ceip-bages\/wp-json\/wp\/v2\/media?parent=1030"}],"wp:term":[{"taxonomy":"category","embeddable":true,"href":"https:\/\/agora.xtec.cat\/ceip-bages\/wp-json\/wp\/v2\/categories?post=1030"},{"taxonomy":"post_tag","embeddable":true,"href":"https:\/\/agora.xtec.cat\/ceip-bages\/wp-json\/wp\/v2\/tags?post=1030"}],"curies":[{"name":"wp","href":"https:\/\/api.w.org\/{rel}","templated":true}]}}