{"id":1024,"date":"2018-02-07T10:01:03","date_gmt":"2018-02-07T09:01:03","guid":{"rendered":"http:\/\/blocs.xtec.cat\/escolabages5e\/?p=1024"},"modified":"2018-02-07T10:01:03","modified_gmt":"2018-02-07T09:01:03","slug":"fem-grafiques","status":"publish","type":"post","link":"https:\/\/agora.xtec.cat\/ceip-bages\/general\/fem-grafiques\/","title":{"rendered":"FEM GR\u00c0FIQUES!"},"content":{"rendered":"<p>Aquest trimestre hem comen\u00e7at a fer un recull de la temperatura cada dia, del dilluns a divendres a les 9h del mat\u00ed, i farem una gr\u00e0fica lineal.<br \/>\nEl proper mes de febrer prendrem la temperatura dues vegades al dia, primer a les 9h del mat\u00ed i despr\u00e9s a les 3h de la tarda i construirem un gr\u00e0fic de barres comparatiu.<br \/>\n<a href=\"https:\/\/agora.xtec.cat\/ceip-bages\/wp-content\/uploads\/usu1907\/2018\/02\/termometre.jpg\"><img loading=\"lazy\" decoding=\"async\" src=\"https:\/\/agora.xtec.cat\/ceip-bages\/wp-content\/uploads\/usu1907\/2018\/02\/termometre.jpg\" alt=\"\" width=\"448\" height=\"336\" class=\"alignleft size-full wp-image-1086\" srcset=\"https:\/\/agora.xtec.cat\/ceip-bages\/wp-content\/uploads\/usu1907\/2018\/02\/termometre.jpg 448w, https:\/\/agora.xtec.cat\/ceip-bages\/wp-content\/uploads\/usu1907\/2018\/02\/termometre-300x225.jpg 300w, https:\/\/agora.xtec.cat\/ceip-bages\/wp-content\/uploads\/usu1907\/2018\/02\/termometre-200x150.jpg 200w\" sizes=\"auto, (max-width: 448px) 100vw, 448px\" \/><\/a><figure class=\"figure wp-caption alignleft\"><a href=\"https:\/\/agora.xtec.cat\/ceip-bages\/wp-content\/uploads\/usu1907\/2018\/02\/graella-temperatura.jpg\"><img loading=\"lazy\" decoding=\"async\" src=\"https:\/\/agora.xtec.cat\/ceip-bages\/wp-content\/uploads\/usu1907\/2018\/02\/graella-temperatura.jpg\" alt=\"\" width=\"448\" height=\"336\" class=\"size-full wp-image-1087\" srcset=\"https:\/\/agora.xtec.cat\/ceip-bages\/wp-content\/uploads\/usu1907\/2018\/02\/graella-temperatura.jpg 448w, https:\/\/agora.xtec.cat\/ceip-bages\/wp-content\/uploads\/usu1907\/2018\/02\/graella-temperatura-300x225.jpg 300w, https:\/\/agora.xtec.cat\/ceip-bages\/wp-content\/uploads\/usu1907\/2018\/02\/graella-temperatura-200x150.jpg 200w\" sizes=\"auto, (max-width: 448px) 100vw, 448px\" \/><\/a><figcaption class=\"wp-caption-text\">Primer observem la temperatura i a despr\u00e9s anotem les temperatures a les graelles<\/figcaption><\/figure><\/p>\n","protected":false},"excerpt":{"rendered":"<p>Aquest trimestre hem comen\u00e7at a fer un recull de la temperatura cada dia, del dilluns a divendres a les 9h del mat\u00ed, i farem una gr\u00e0fica lineal.<br \/>\nEl proper mes de febrer prendrem la temperatura dues vegades al dia, primer a les 9h del mat\u00ed i&hellip;  <a href=\"https:\/\/agora.xtec.cat\/ceip-bages\/general\/fem-grafiques\/\" title=\"Read FEM GR\u00c0FIQUES!\">Llegeix m\u00e9s\u00bb<\/a><\/p>\n","protected":false},"author":1,"featured_media":0,"comment_status":"closed","ping_status":"closed","sticky":false,"template":"","format":"standard","meta":{"_bbp_topic_count":0,"_bbp_reply_count":0,"_bbp_total_topic_count":0,"_bbp_total_reply_count":0,"_bbp_voice_count":0,"_bbp_anonymous_reply_count":0,"_bbp_topic_count_hidden":0,"_bbp_reply_count_hidden":0,"_bbp_forum_subforum_count":0,"footnotes":""},"categories":[1],"tags":[],"class_list":["post-1024","post","type-post","status-publish","format-standard","hentry","category-general"],"post_mailing_queue_ids":[],"_links":{"self":[{"href":"https:\/\/agora.xtec.cat\/ceip-bages\/wp-json\/wp\/v2\/posts\/1024","targetHints":{"allow":["GET"]}}],"collection":[{"href":"https:\/\/agora.xtec.cat\/ceip-bages\/wp-json\/wp\/v2\/posts"}],"about":[{"href":"https:\/\/agora.xtec.cat\/ceip-bages\/wp-json\/wp\/v2\/types\/post"}],"author":[{"embeddable":true,"href":"https:\/\/agora.xtec.cat\/ceip-bages\/wp-json\/wp\/v2\/users\/1"}],"replies":[{"embeddable":true,"href":"https:\/\/agora.xtec.cat\/ceip-bages\/wp-json\/wp\/v2\/comments?post=1024"}],"version-history":[{"count":0,"href":"https:\/\/agora.xtec.cat\/ceip-bages\/wp-json\/wp\/v2\/posts\/1024\/revisions"}],"wp:attachment":[{"href":"https:\/\/agora.xtec.cat\/ceip-bages\/wp-json\/wp\/v2\/media?parent=1024"}],"wp:term":[{"taxonomy":"category","embeddable":true,"href":"https:\/\/agora.xtec.cat\/ceip-bages\/wp-json\/wp\/v2\/categories?post=1024"},{"taxonomy":"post_tag","embeddable":true,"href":"https:\/\/agora.xtec.cat\/ceip-bages\/wp-json\/wp\/v2\/tags?post=1024"}],"curies":[{"name":"wp","href":"https:\/\/api.w.org\/{rel}","templated":true}]}}