{"id":1022,"date":"2018-01-31T09:48:55","date_gmt":"2018-01-31T08:48:55","guid":{"rendered":"http:\/\/blocs.xtec.cat\/escolabages5e\/?p=1022"},"modified":"2018-01-31T09:48:55","modified_gmt":"2018-01-31T08:48:55","slug":"els-planetes","status":"publish","type":"post","link":"https:\/\/agora.xtec.cat\/ceip-bages\/general\/els-planetes\/","title":{"rendered":"ELS PLANETES"},"content":{"rendered":"<p>Aquest any a l&#8217;assignatura de C. del Medi en el tema dels planetes, hem fet uns tr\u00edptics del Sistema Solar.<br \/>\n\u00c9s com un acordi\u00f3 i en cada p\u00e0gina hi ha un dibuix de cada planeta amb la seva definici\u00f3 i caracter\u00edstiques principals.<br \/>\nEns va agradar de fer-ho perqu\u00e8 a m\u00e9s de pintar, vam enganxar purpurina i goma-eva daurada i platejada per fer el sol i la lluna. Tamb\u00e9 hi havia una finestreta que es podia obrir i tancar, per fer els diferents per\u00edodes de la lluna.<figure class=\"figure wp-caption alignleft\"><a href=\"https:\/\/agora.xtec.cat\/ceip-bages\/wp-content\/uploads\/usu1907\/2018\/01\/w20180131_092332.jpg\"><img loading=\"lazy\" decoding=\"async\" src=\"https:\/\/agora.xtec.cat\/ceip-bages\/wp-content\/uploads\/usu1907\/2018\/01\/w20180131_092332.jpg\" alt=\"\" width=\"448\" height=\"336\" class=\"size-full wp-image-1064\" srcset=\"https:\/\/agora.xtec.cat\/ceip-bages\/wp-content\/uploads\/usu1907\/2018\/01\/w20180131_092332.jpg 448w, https:\/\/agora.xtec.cat\/ceip-bages\/wp-content\/uploads\/usu1907\/2018\/01\/w20180131_092332-300x225.jpg 300w, https:\/\/agora.xtec.cat\/ceip-bages\/wp-content\/uploads\/usu1907\/2018\/01\/w20180131_092332-200x150.jpg 200w\" sizes=\"auto, (max-width: 448px) 100vw, 448px\" \/><\/a><figcaption class=\"wp-caption-text\">?<\/figcaption><\/figure><figure class=\"figure wp-caption alignleft\"><a href=\"https:\/\/agora.xtec.cat\/ceip-bages\/wp-content\/uploads\/usu1907\/2018\/01\/w20180131_092611.jpg\"><img loading=\"lazy\" decoding=\"async\" src=\"https:\/\/agora.xtec.cat\/ceip-bages\/wp-content\/uploads\/usu1907\/2018\/01\/w20180131_092611.jpg\" alt=\"\" width=\"448\" height=\"336\" class=\"size-full wp-image-1065\" srcset=\"https:\/\/agora.xtec.cat\/ceip-bages\/wp-content\/uploads\/usu1907\/2018\/01\/w20180131_092611.jpg 448w, https:\/\/agora.xtec.cat\/ceip-bages\/wp-content\/uploads\/usu1907\/2018\/01\/w20180131_092611-300x225.jpg 300w, https:\/\/agora.xtec.cat\/ceip-bages\/wp-content\/uploads\/usu1907\/2018\/01\/w20180131_092611-200x150.jpg 200w\" sizes=\"auto, (max-width: 448px) 100vw, 448px\" \/><\/a><figcaption class=\"wp-caption-text\">?<\/figcaption><\/figure><figure class=\"figure wp-caption alignleft\"><a href=\"https:\/\/agora.xtec.cat\/ceip-bages\/wp-content\/uploads\/usu1907\/2018\/01\/W-ANINA-DAVID-20180131_102657.jpg\"><img loading=\"lazy\" decoding=\"async\" src=\"https:\/\/agora.xtec.cat\/ceip-bages\/wp-content\/uploads\/usu1907\/2018\/01\/W-ANINA-DAVID-20180131_102657.jpg\" alt=\"\" width=\"448\" height=\"336\" class=\"size-full wp-image-1083\" srcset=\"https:\/\/agora.xtec.cat\/ceip-bages\/wp-content\/uploads\/usu1907\/2018\/01\/W-ANINA-DAVID-20180131_102657.jpg 448w, https:\/\/agora.xtec.cat\/ceip-bages\/wp-content\/uploads\/usu1907\/2018\/01\/W-ANINA-DAVID-20180131_102657-300x225.jpg 300w, https:\/\/agora.xtec.cat\/ceip-bages\/wp-content\/uploads\/usu1907\/2018\/01\/W-ANINA-DAVID-20180131_102657-200x150.jpg 200w\" sizes=\"auto, (max-width: 448px) 100vw, 448px\" \/><\/a><figcaption class=\"wp-caption-text\">?<\/figcaption><\/figure><\/p>\n","protected":false},"excerpt":{"rendered":"<p>Aquest any a l&#8217;assignatura de C. del Medi en el tema dels planetes, hem fet uns tr\u00edptics del Sistema Solar.<br \/>\n\u00c9s com un acordi\u00f3 i en cada p\u00e0gina hi ha un dibuix de cada planeta amb la seva definici\u00f3 i caracter\u00edstiques principals.<br \/>\nEns va agradar de fer-ho&hellip;  <a href=\"https:\/\/agora.xtec.cat\/ceip-bages\/general\/els-planetes\/\" title=\"Read ELS PLANETES\">Llegeix m\u00e9s\u00bb<\/a><\/p>\n","protected":false},"author":1,"featured_media":0,"comment_status":"closed","ping_status":"closed","sticky":false,"template":"","format":"standard","meta":{"_bbp_topic_count":0,"_bbp_reply_count":0,"_bbp_total_topic_count":0,"_bbp_total_reply_count":0,"_bbp_voice_count":0,"_bbp_anonymous_reply_count":0,"_bbp_topic_count_hidden":0,"_bbp_reply_count_hidden":0,"_bbp_forum_subforum_count":0,"footnotes":""},"categories":[1],"tags":[],"class_list":["post-1022","post","type-post","status-publish","format-standard","hentry","category-general"],"post_mailing_queue_ids":[],"_links":{"self":[{"href":"https:\/\/agora.xtec.cat\/ceip-bages\/wp-json\/wp\/v2\/posts\/1022","targetHints":{"allow":["GET"]}}],"collection":[{"href":"https:\/\/agora.xtec.cat\/ceip-bages\/wp-json\/wp\/v2\/posts"}],"about":[{"href":"https:\/\/agora.xtec.cat\/ceip-bages\/wp-json\/wp\/v2\/types\/post"}],"author":[{"embeddable":true,"href":"https:\/\/agora.xtec.cat\/ceip-bages\/wp-json\/wp\/v2\/users\/1"}],"replies":[{"embeddable":true,"href":"https:\/\/agora.xtec.cat\/ceip-bages\/wp-json\/wp\/v2\/comments?post=1022"}],"version-history":[{"count":0,"href":"https:\/\/agora.xtec.cat\/ceip-bages\/wp-json\/wp\/v2\/posts\/1022\/revisions"}],"wp:attachment":[{"href":"https:\/\/agora.xtec.cat\/ceip-bages\/wp-json\/wp\/v2\/media?parent=1022"}],"wp:term":[{"taxonomy":"category","embeddable":true,"href":"https:\/\/agora.xtec.cat\/ceip-bages\/wp-json\/wp\/v2\/categories?post=1022"},{"taxonomy":"post_tag","embeddable":true,"href":"https:\/\/agora.xtec.cat\/ceip-bages\/wp-json\/wp\/v2\/tags?post=1022"}],"curies":[{"name":"wp","href":"https:\/\/api.w.org\/{rel}","templated":true}]}}