{"id":3471,"date":"2024-04-04T13:44:00","date_gmt":"2024-04-04T11:44:00","guid":{"rendered":"https:\/\/agora.xtec.cat\/ceip-arnau-berenguer\/?p=3471"},"modified":"2024-04-04T13:44:00","modified_gmt":"2024-04-04T11:44:00","slug":"un-somni-fet-realitat","status":"publish","type":"post","link":"https:\/\/agora.xtec.cat\/ceip-arnau-berenguer\/general\/un-somni-fet-realitat\/","title":{"rendered":"UN SOMNI FET REALITAT"},"content":{"rendered":"<p>El passat dimarts dia 2 d\u2019abril vam comen\u00e7ar a l\u2019escola nova. De fet, l\u2019alumnat d\u2019Infantil, a les 9:00 del mat\u00ed, va fer les files a l\u2019edifici antic de la pla\u00e7a i van anar caminant cap a l\u2019edifici nou on els esperava tot l\u2019alumnat de prim\u00e0ria. Despr\u00e9s de cantar tots\/es la can\u00e7\u00f3 de \u201cCaminem lluny\u201d, de Doctor Prats, vam entrar a l\u2019escola. Tot l\u2019alumnat i equip docent la va visitar i va experimentar moltes emocions.<\/p>\n<p>Dimecres dia 3 vam rebre la visita del M.Hble. President de la Generalitat, el Sr. Pere Aragon\u00e9s, juntament amb l\u2019Hble. Consellera d\u2019Educaci\u00f3, la Sra. Anna Sim\u00f3, el Sr. Claudi Vidal, director del ST d\u2019Educaci\u00f3 a Lleida, la Sra. Maite Codina, adjunta de direcci\u00f3 del ST de Lleida, la Sra. Montse Verg\u00e9s, delegada territorial d\u2019Educaci\u00f3 i la Sra. Alba Castell\u00e0, inspectora de l\u2019escola, l\u2019Il\u00b7lm. Francesc Balcells, alcalde del Palau i el Sr. Gerard Guillem, regidor d\u2019Educaci\u00f3. Va ser un dia carregat d\u2019il\u00b7lusi\u00f3 i d\u2019emocions. Agra\u00efm aquesta visita tan important que va finalitzar amb una reuni\u00f3 en la qual vam intercanviar impressions juntament amb membres de l\u2019AFA i l\u2019Equip Directiu.<\/p>\n<p>Volem acabar amb algun petit recull de sensacions expressades per l\u2019alumnat:<\/p>\n<ul>\n<li>\u00c9s molt gran i bonica.<\/li>\n<li>Ens agrada entrar amb m\u00fasica per a fer una entrada m\u00e9s divertida i alegre.<\/li>\n<li>Ens agrada molt entrar lliurement a l\u2019escola i que ens rebin amb un bon dia i bona tarda!<\/li>\n<li>Tamb\u00e9 ens agrada entrar amb els nostres germans i germanes i amb els nostres amics i amigues sense fer files i haver-nos de separar.<\/li>\n<li>Ens agrada estar tots junts amb els m\u00e9s petits i poder compartir les estonetes de pati.<\/li>\n<li>Els que ens quedem a dinar estem encantats amb el nou menjador.<\/li>\n<li>\u00c9s molt xulo tenir una classe de m\u00fasica!<\/li>\n<li>Ens agrada compartir pati amb tots els nens i nenes de l\u2019escola.<\/li>\n<li>Tenir aquest pati tan gran ens agrada molt perqu\u00e8 aix\u00ed tothom t\u00e9 el seu espai per a poder jugar.<\/li>\n<li>Les nenes i nens d\u2019infantil sovint ens diuen que estan molt contents de tenir un lavabo a la classe i de jugar al nou sorral. Entrar i sortir de l\u2019aula al pati \u00e9s una novetat i ho gaudeixen molt. S\u2019han acostumat r\u00e0pidament a posar les jaquetes i motxilles a les prestatgeries del passad\u00eds.<\/li>\n<\/ul>\n<p>&nbsp;<\/p>\n<p>L\u2019equip docent de l\u2019escola vol fer refer\u00e8ncia i donar les gr\u00e0cies a l\u2019ajuntament, l\u2019AFA i les fam\u00edlies que han fet possible aquest somni, estem encantats i encantades amb la nostra nova escola.<\/p>\n<p style=\"text-align: center;\"><a href=\"https:\/\/drive.google.com\/drive\/folders\/1Lu9u2h6eTTjYQuBi2r1dJgqWhCIz_VeR?usp=sharing\">CLIQUEU AQU\u00cd<\/a><\/p>\n<p><a href=\"https:\/\/agora.xtec.cat\/ceip-arnau-berenguer\/wp-content\/uploads\/usu1536\/2024\/04\/DSC_1323.jpg\"><img loading=\"lazy\" decoding=\"async\" class=\"aligncenter size-full wp-image-3472\" src=\"https:\/\/agora.xtec.cat\/ceip-arnau-berenguer\/wp-content\/uploads\/usu1536\/2024\/04\/DSC_1323.jpg\" alt=\"\" width=\"1000\" height=\"667\" srcset=\"https:\/\/agora.xtec.cat\/ceip-arnau-berenguer\/wp-content\/uploads\/usu1536\/2024\/04\/DSC_1323.jpg 1000w, https:\/\/agora.xtec.cat\/ceip-arnau-berenguer\/wp-content\/uploads\/usu1536\/2024\/04\/DSC_1323-300x200.jpg 300w, https:\/\/agora.xtec.cat\/ceip-arnau-berenguer\/wp-content\/uploads\/usu1536\/2024\/04\/DSC_1323-768x512.jpg 768w\" sizes=\"auto, (max-width: 1000px) 100vw, 1000px\" \/><\/a><\/p>\n","protected":false},"excerpt":{"rendered":"<p>El passat dimarts dia 2 d\u2019abril vam comen\u00e7ar a l\u2019escola nova. De fet, l\u2019alumnat d\u2019Infantil, a les 9:00 del mat\u00ed, va fer les files a l\u2019edifici antic de la pla\u00e7a i van anar caminant cap a l\u2019edifici nou on els esperava tot l\u2019alumnat de prim\u00e0ria. Despr\u00e9s de cantar tots\/es la can\u00e7\u00f3 de \u201cCaminem lluny\u201d, de [&hellip;]<\/p>\n","protected":false},"author":1,"featured_media":3472,"comment_status":"closed","ping_status":"closed","sticky":false,"template":"","format":"standard","meta":{"_bbp_topic_count":0,"_bbp_reply_count":0,"_bbp_total_topic_count":0,"_bbp_total_reply_count":0,"_bbp_voice_count":0,"_bbp_anonymous_reply_count":0,"_bbp_topic_count_hidden":0,"_bbp_reply_count_hidden":0,"_bbp_forum_subforum_count":0,"site-sidebar-layout":"default","site-content-layout":"","ast-site-content-layout":"","site-content-style":"default","site-sidebar-style":"default","ast-global-header-display":"","ast-banner-title-visibility":"","ast-main-header-display":"","ast-hfb-above-header-display":"","ast-hfb-below-header-display":"","ast-hfb-mobile-header-display":"","site-post-title":"","ast-breadcrumbs-content":"","ast-featured-img":"","footer-sml-layout":"","theme-transparent-header-meta":"","adv-header-id-meta":"","stick-header-meta":"","header-above-stick-meta":"","header-main-stick-meta":"","header-below-stick-meta":"","astra-migrate-meta-layouts":"default","ast-page-background-enabled":"default","ast-page-background-meta":{"desktop":{"background-color":"var(--ast-global-color-4)","background-image":"","background-repeat":"repeat","background-position":"center center","background-size":"auto","background-attachment":"scroll","background-type":"","background-media":"","overlay-type":"","overlay-color":"","overlay-opacity":"","overlay-gradient":""},"tablet":{"background-color":"","background-image":"","background-repeat":"repeat","background-position":"center center","background-size":"auto","background-attachment":"scroll","background-type":"","background-media":"","overlay-type":"","overlay-color":"","overlay-opacity":"","overlay-gradient":""},"mobile":{"background-color":"","background-image":"","background-repeat":"repeat","background-position":"center center","background-size":"auto","background-attachment":"scroll","background-type":"","background-media":"","overlay-type":"","overlay-color":"","overlay-opacity":"","overlay-gradient":""}},"ast-content-background-meta":{"desktop":{"background-color":"var(--ast-global-color-5)","background-image":"","background-repeat":"repeat","background-position":"center center","background-size":"auto","background-attachment":"scroll","background-type":"","background-media":"","overlay-type":"","overlay-color":"","overlay-opacity":"","overlay-gradient":""},"tablet":{"background-color":"var(--ast-global-color-5)","background-image":"","background-repeat":"repeat","background-position":"center center","background-size":"auto","background-attachment":"scroll","background-type":"","background-media":"","overlay-type":"","overlay-color":"","overlay-opacity":"","overlay-gradient":""},"mobile":{"background-color":"var(--ast-global-color-5)","background-image":"","background-repeat":"repeat","background-position":"center center","background-size":"auto","background-attachment":"scroll","background-type":"","background-media":"","overlay-type":"","overlay-color":"","overlay-opacity":"","overlay-gradient":""}},"footnotes":""},"categories":[7,62,1,4,5],"tags":[],"class_list":["post-3471","post","type-post","status-publish","format-standard","has-post-thumbnail","hentry","category-ampa","category-festes-escola","category-general","category-portada","category-primaria"],"post_mailing_queue_ids":[],"_links":{"self":[{"href":"https:\/\/agora.xtec.cat\/ceip-arnau-berenguer\/wp-json\/wp\/v2\/posts\/3471","targetHints":{"allow":["GET"]}}],"collection":[{"href":"https:\/\/agora.xtec.cat\/ceip-arnau-berenguer\/wp-json\/wp\/v2\/posts"}],"about":[{"href":"https:\/\/agora.xtec.cat\/ceip-arnau-berenguer\/wp-json\/wp\/v2\/types\/post"}],"author":[{"embeddable":true,"href":"https:\/\/agora.xtec.cat\/ceip-arnau-berenguer\/wp-json\/wp\/v2\/users\/1"}],"replies":[{"embeddable":true,"href":"https:\/\/agora.xtec.cat\/ceip-arnau-berenguer\/wp-json\/wp\/v2\/comments?post=3471"}],"version-history":[{"count":1,"href":"https:\/\/agora.xtec.cat\/ceip-arnau-berenguer\/wp-json\/wp\/v2\/posts\/3471\/revisions"}],"predecessor-version":[{"id":3473,"href":"https:\/\/agora.xtec.cat\/ceip-arnau-berenguer\/wp-json\/wp\/v2\/posts\/3471\/revisions\/3473"}],"wp:featuredmedia":[{"embeddable":true,"href":"https:\/\/agora.xtec.cat\/ceip-arnau-berenguer\/wp-json\/wp\/v2\/media\/3472"}],"wp:attachment":[{"href":"https:\/\/agora.xtec.cat\/ceip-arnau-berenguer\/wp-json\/wp\/v2\/media?parent=3471"}],"wp:term":[{"taxonomy":"category","embeddable":true,"href":"https:\/\/agora.xtec.cat\/ceip-arnau-berenguer\/wp-json\/wp\/v2\/categories?post=3471"},{"taxonomy":"post_tag","embeddable":true,"href":"https:\/\/agora.xtec.cat\/ceip-arnau-berenguer\/wp-json\/wp\/v2\/tags?post=3471"}],"curies":[{"name":"wp","href":"https:\/\/api.w.org\/{rel}","templated":true}]}}