{"id":2864,"date":"2023-03-10T16:52:26","date_gmt":"2023-03-10T15:52:26","guid":{"rendered":"https:\/\/agora.xtec.cat\/ceip-arnau-berenguer\/?p=2864"},"modified":"2023-03-10T16:52:26","modified_gmt":"2023-03-10T15:52:26","slug":"projecte-etwinning-technokids-on-the-culture-bridge","status":"publish","type":"post","link":"https:\/\/agora.xtec.cat\/ceip-arnau-berenguer\/portada\/projecte-etwinning-technokids-on-the-culture-bridge\/","title":{"rendered":"Projecte eTwinning: Technokids on the Culture Bridge"},"content":{"rendered":"<p>Aquest mes hem encetat el projecte d&#8217;internacionalitzaci\u00f3 a trav\u00e9s de la plataforma eTwinning amb el t\u00edtol Technokids on the Culture Bridge. Els 29 alumnes de 5\u00e8 participaran en el projecte col\u00b7laboratiu\u00a0juntament amb altres escoles de Turquia, Mold\u00e0via, Romania, Litu\u00e0nia\u00a0i It\u00e0lia. El projecte pret\u00e9n, a trav\u00e9s de l&#8217;\u00fas de les tecnologies digitals, fer-nos conscients de la universalitat de la cultura tot i les difer\u00e8ncies geogr\u00e0fiques. Per una banda, es treballen les compet\u00e8ncies digitals utilitzant l&#8217;angl\u00e8s com a llengua de comunicaci\u00f3 amb la resta de participants i, a m\u00e9s, ens obre la finestra a noves cultures i realitats. Esperem gaudir-ne molt. <a href=\"https:\/\/agora.xtec.cat\/ceip-arnau-berenguer\/wp-content\/uploads\/usu1536\/2023\/03\/logo_etwinning.jpg\"><img loading=\"lazy\" decoding=\"async\" class=\"aligncenter  wp-image-2865\" src=\"https:\/\/agora.xtec.cat\/ceip-arnau-berenguer\/wp-content\/uploads\/usu1536\/2023\/03\/logo_etwinning.jpg\" alt=\"\" width=\"353\" height=\"241\" srcset=\"https:\/\/agora.xtec.cat\/ceip-arnau-berenguer\/wp-content\/uploads\/usu1536\/2023\/03\/logo_etwinning.jpg 820w, https:\/\/agora.xtec.cat\/ceip-arnau-berenguer\/wp-content\/uploads\/usu1536\/2023\/03\/logo_etwinning-300x205.jpg 300w, https:\/\/agora.xtec.cat\/ceip-arnau-berenguer\/wp-content\/uploads\/usu1536\/2023\/03\/logo_etwinning-768x524.jpg 768w\" sizes=\"auto, (max-width: 353px) 100vw, 353px\" \/><\/a><\/p>\n","protected":false},"excerpt":{"rendered":"<p>Aquest mes hem encetat el projecte d&#8217;internacionalitzaci\u00f3 a trav\u00e9s de la plataforma eTwinning amb el t\u00edtol Technokids on the Culture Bridge. Els 29 alumnes de 5\u00e8 participaran en el projecte col\u00b7laboratiu\u00a0juntament amb altres escoles de Turquia, Mold\u00e0via, Romania, Litu\u00e0nia\u00a0i It\u00e0lia. El projecte pret\u00e9n, a trav\u00e9s de l&#8217;\u00fas de les tecnologies digitals, fer-nos conscients de la [&hellip;]<\/p>\n","protected":false},"author":1,"featured_media":2865,"comment_status":"open","ping_status":"closed","sticky":false,"template":"","format":"standard","meta":{"_bbp_topic_count":0,"_bbp_reply_count":0,"_bbp_total_topic_count":0,"_bbp_total_reply_count":0,"_bbp_voice_count":0,"_bbp_anonymous_reply_count":0,"_bbp_topic_count_hidden":0,"_bbp_reply_count_hidden":0,"_bbp_forum_subforum_count":0,"site-sidebar-layout":"default","site-content-layout":"","ast-site-content-layout":"","site-content-style":"default","site-sidebar-style":"default","ast-global-header-display":"","ast-banner-title-visibility":"","ast-main-header-display":"","ast-hfb-above-header-display":"","ast-hfb-below-header-display":"","ast-hfb-mobile-header-display":"","site-post-title":"","ast-breadcrumbs-content":"","ast-featured-img":"","footer-sml-layout":"","theme-transparent-header-meta":"","adv-header-id-meta":"","stick-header-meta":"","header-above-stick-meta":"","header-main-stick-meta":"","header-below-stick-meta":"","astra-migrate-meta-layouts":"default","ast-page-background-enabled":"default","ast-page-background-meta":{"desktop":{"background-color":"var(--ast-global-color-4)","background-image":"","background-repeat":"repeat","background-position":"center center","background-size":"auto","background-attachment":"scroll","background-type":"","background-media":"","overlay-type":"","overlay-color":"","overlay-opacity":"","overlay-gradient":""},"tablet":{"background-color":"","background-image":"","background-repeat":"repeat","background-position":"center center","background-size":"auto","background-attachment":"scroll","background-type":"","background-media":"","overlay-type":"","overlay-color":"","overlay-opacity":"","overlay-gradient":""},"mobile":{"background-color":"","background-image":"","background-repeat":"repeat","background-position":"center center","background-size":"auto","background-attachment":"scroll","background-type":"","background-media":"","overlay-type":"","overlay-color":"","overlay-opacity":"","overlay-gradient":""}},"ast-content-background-meta":{"desktop":{"background-color":"var(--ast-global-color-5)","background-image":"","background-repeat":"repeat","background-position":"center center","background-size":"auto","background-attachment":"scroll","background-type":"","background-media":"","overlay-type":"","overlay-color":"","overlay-opacity":"","overlay-gradient":""},"tablet":{"background-color":"var(--ast-global-color-5)","background-image":"","background-repeat":"repeat","background-position":"center center","background-size":"auto","background-attachment":"scroll","background-type":"","background-media":"","overlay-type":"","overlay-color":"","overlay-opacity":"","overlay-gradient":""},"mobile":{"background-color":"var(--ast-global-color-5)","background-image":"","background-repeat":"repeat","background-position":"center center","background-size":"auto","background-attachment":"scroll","background-type":"","background-media":"","overlay-type":"","overlay-color":"","overlay-opacity":"","overlay-gradient":""}},"footnotes":""},"categories":[4],"tags":[],"class_list":["post-2864","post","type-post","status-publish","format-standard","has-post-thumbnail","hentry","category-portada"],"post_mailing_queue_ids":[],"_links":{"self":[{"href":"https:\/\/agora.xtec.cat\/ceip-arnau-berenguer\/wp-json\/wp\/v2\/posts\/2864","targetHints":{"allow":["GET"]}}],"collection":[{"href":"https:\/\/agora.xtec.cat\/ceip-arnau-berenguer\/wp-json\/wp\/v2\/posts"}],"about":[{"href":"https:\/\/agora.xtec.cat\/ceip-arnau-berenguer\/wp-json\/wp\/v2\/types\/post"}],"author":[{"embeddable":true,"href":"https:\/\/agora.xtec.cat\/ceip-arnau-berenguer\/wp-json\/wp\/v2\/users\/1"}],"replies":[{"embeddable":true,"href":"https:\/\/agora.xtec.cat\/ceip-arnau-berenguer\/wp-json\/wp\/v2\/comments?post=2864"}],"version-history":[{"count":1,"href":"https:\/\/agora.xtec.cat\/ceip-arnau-berenguer\/wp-json\/wp\/v2\/posts\/2864\/revisions"}],"predecessor-version":[{"id":2866,"href":"https:\/\/agora.xtec.cat\/ceip-arnau-berenguer\/wp-json\/wp\/v2\/posts\/2864\/revisions\/2866"}],"wp:featuredmedia":[{"embeddable":true,"href":"https:\/\/agora.xtec.cat\/ceip-arnau-berenguer\/wp-json\/wp\/v2\/media\/2865"}],"wp:attachment":[{"href":"https:\/\/agora.xtec.cat\/ceip-arnau-berenguer\/wp-json\/wp\/v2\/media?parent=2864"}],"wp:term":[{"taxonomy":"category","embeddable":true,"href":"https:\/\/agora.xtec.cat\/ceip-arnau-berenguer\/wp-json\/wp\/v2\/categories?post=2864"},{"taxonomy":"post_tag","embeddable":true,"href":"https:\/\/agora.xtec.cat\/ceip-arnau-berenguer\/wp-json\/wp\/v2\/tags?post=2864"}],"curies":[{"name":"wp","href":"https:\/\/api.w.org\/{rel}","templated":true}]}}