{"id":2845,"date":"2023-03-09T18:01:28","date_gmt":"2023-03-09T17:01:28","guid":{"rendered":"https:\/\/agora.xtec.cat\/ceip-arnau-berenguer\/?p=2845"},"modified":"2023-03-09T18:01:28","modified_gmt":"2023-03-09T17:01:28","slug":"8m-dia-internacional-de-la-dona","status":"publish","type":"post","link":"https:\/\/agora.xtec.cat\/ceip-arnau-berenguer\/portada\/8m-dia-internacional-de-la-dona\/","title":{"rendered":"8M: DIA INTERNACIONAL DE LA DONA"},"content":{"rendered":"<p><span style=\"font-weight: 400\">Durant el mat\u00ed del dia 8 de mar\u00e7 l&#8217;alumnat de Cicle Inicial hem retut homenatge a 10 dones que al llarg de la hist\u00f2ria han demostrat el seu empoderament, cada una en el seu \u00e0mbit professional i personal i que d&#8217;alguna manera han ajudat a fer passes endavant en la lluita feminista en la nostra societat.<\/span><\/p>\n<p><span style=\"font-weight: 400\">Hem comen\u00e7at l&#8217;activitat fent refer\u00e8ncia a l&#8217;antiga mestra i directora, Hermi Defior, a qui se li va retre homenatge fa uns dies al Palau d&#8217;Anglesola i, a continuaci\u00f3, s&#8217;ha fet una lectura en veu alta de les biografies d&#8217;aquestes dones hist\u00f2riques: 10 dones de 10.<\/span><\/p>\n<p><span style=\"font-weight: 400\">Tot seguit hem anat a la pista del pati i hem representat el s\u00edmbol de la dona i la data del 8M amb el nostre cos.<\/span><\/p>\n<p><span style=\"font-weight: 400\">Tamb\u00e9 volem agrair a l\u2019ajuntament del Palau el detall de regalar-nos les ampolles amb refer\u00e8ncia al 8M. Ens han agradat molt.<\/span><\/p>\n<p><span style=\"font-weight: 400\">Amb totes aquestes activitats hem creat un mural que hem penjat al passad\u00eds de manera que cada dia que entrem a les aules recordem que el dia de la dona no \u00e9s nom\u00e9s el 8 de mar\u00e7, ho \u00e9s cada dia.<\/span><\/p>\n<p style=\"text-align: center\"><a href=\"https:\/\/photos.app.goo.gl\/469xFr7H6XoAnKEd8\">Clica aqu\u00ed per veure les fotos<\/a><\/p>\n<p><a href=\"https:\/\/agora.xtec.cat\/ceip-arnau-berenguer\/wp-content\/uploads\/usu1536\/2023\/03\/IMG_3180.jpg\"><img loading=\"lazy\" decoding=\"async\" class=\"size-large wp-image-2846 aligncenter\" src=\"https:\/\/agora.xtec.cat\/ceip-arnau-berenguer\/wp-content\/uploads\/usu1536\/2023\/03\/IMG_3180-768x1024.jpg\" alt=\"\" width=\"768\" height=\"1024\" srcset=\"https:\/\/agora.xtec.cat\/ceip-arnau-berenguer\/wp-content\/uploads\/usu1536\/2023\/03\/IMG_3180-768x1024.jpg 768w, https:\/\/agora.xtec.cat\/ceip-arnau-berenguer\/wp-content\/uploads\/usu1536\/2023\/03\/IMG_3180-225x300.jpg 225w, https:\/\/agora.xtec.cat\/ceip-arnau-berenguer\/wp-content\/uploads\/usu1536\/2023\/03\/IMG_3180.jpg 1000w\" sizes=\"auto, (max-width: 768px) 100vw, 768px\" \/><\/a><\/p>\n","protected":false},"excerpt":{"rendered":"<p>Durant el mat\u00ed del dia 8 de mar\u00e7 l&#8217;alumnat de Cicle Inicial hem retut homenatge a 10 dones que al llarg de la hist\u00f2ria han demostrat el seu empoderament, cada una en el seu \u00e0mbit professional i personal i que d&#8217;alguna manera han ajudat a fer passes endavant en la lluita feminista en la nostra [&hellip;]<\/p>\n","protected":false},"author":11,"featured_media":2846,"comment_status":"closed","ping_status":"closed","sticky":false,"template":"","format":"standard","meta":{"_bbp_topic_count":0,"_bbp_reply_count":0,"_bbp_total_topic_count":0,"_bbp_total_reply_count":0,"_bbp_voice_count":0,"_bbp_anonymous_reply_count":0,"_bbp_topic_count_hidden":0,"_bbp_reply_count_hidden":0,"_bbp_forum_subforum_count":0,"site-sidebar-layout":"default","site-content-layout":"","ast-site-content-layout":"","site-content-style":"default","site-sidebar-style":"default","ast-global-header-display":"","ast-banner-title-visibility":"","ast-main-header-display":"","ast-hfb-above-header-display":"","ast-hfb-below-header-display":"","ast-hfb-mobile-header-display":"","site-post-title":"","ast-breadcrumbs-content":"","ast-featured-img":"","footer-sml-layout":"","theme-transparent-header-meta":"","adv-header-id-meta":"","stick-header-meta":"","header-above-stick-meta":"","header-main-stick-meta":"","header-below-stick-meta":"","astra-migrate-meta-layouts":"default","ast-page-background-enabled":"default","ast-page-background-meta":{"desktop":{"background-color":"var(--ast-global-color-4)","background-image":"","background-repeat":"repeat","background-position":"center center","background-size":"auto","background-attachment":"scroll","background-type":"","background-media":"","overlay-type":"","overlay-color":"","overlay-opacity":"","overlay-gradient":""},"tablet":{"background-color":"","background-image":"","background-repeat":"repeat","background-position":"center center","background-size":"auto","background-attachment":"scroll","background-type":"","background-media":"","overlay-type":"","overlay-color":"","overlay-opacity":"","overlay-gradient":""},"mobile":{"background-color":"","background-image":"","background-repeat":"repeat","background-position":"center center","background-size":"auto","background-attachment":"scroll","background-type":"","background-media":"","overlay-type":"","overlay-color":"","overlay-opacity":"","overlay-gradient":""}},"ast-content-background-meta":{"desktop":{"background-color":"var(--ast-global-color-5)","background-image":"","background-repeat":"repeat","background-position":"center center","background-size":"auto","background-attachment":"scroll","background-type":"","background-media":"","overlay-type":"","overlay-color":"","overlay-opacity":"","overlay-gradient":""},"tablet":{"background-color":"var(--ast-global-color-5)","background-image":"","background-repeat":"repeat","background-position":"center center","background-size":"auto","background-attachment":"scroll","background-type":"","background-media":"","overlay-type":"","overlay-color":"","overlay-opacity":"","overlay-gradient":""},"mobile":{"background-color":"var(--ast-global-color-5)","background-image":"","background-repeat":"repeat","background-position":"center center","background-size":"auto","background-attachment":"scroll","background-type":"","background-media":"","overlay-type":"","overlay-color":"","overlay-opacity":"","overlay-gradient":""}},"footnotes":""},"categories":[11,4],"tags":[],"class_list":["post-2845","post","type-post","status-publish","format-standard","has-post-thumbnail","hentry","category-cicle-inicial-primaria","category-portada"],"post_mailing_queue_ids":[],"_links":{"self":[{"href":"https:\/\/agora.xtec.cat\/ceip-arnau-berenguer\/wp-json\/wp\/v2\/posts\/2845","targetHints":{"allow":["GET"]}}],"collection":[{"href":"https:\/\/agora.xtec.cat\/ceip-arnau-berenguer\/wp-json\/wp\/v2\/posts"}],"about":[{"href":"https:\/\/agora.xtec.cat\/ceip-arnau-berenguer\/wp-json\/wp\/v2\/types\/post"}],"author":[{"embeddable":true,"href":"https:\/\/agora.xtec.cat\/ceip-arnau-berenguer\/wp-json\/wp\/v2\/users\/11"}],"replies":[{"embeddable":true,"href":"https:\/\/agora.xtec.cat\/ceip-arnau-berenguer\/wp-json\/wp\/v2\/comments?post=2845"}],"version-history":[{"count":3,"href":"https:\/\/agora.xtec.cat\/ceip-arnau-berenguer\/wp-json\/wp\/v2\/posts\/2845\/revisions"}],"predecessor-version":[{"id":2863,"href":"https:\/\/agora.xtec.cat\/ceip-arnau-berenguer\/wp-json\/wp\/v2\/posts\/2845\/revisions\/2863"}],"wp:featuredmedia":[{"embeddable":true,"href":"https:\/\/agora.xtec.cat\/ceip-arnau-berenguer\/wp-json\/wp\/v2\/media\/2846"}],"wp:attachment":[{"href":"https:\/\/agora.xtec.cat\/ceip-arnau-berenguer\/wp-json\/wp\/v2\/media?parent=2845"}],"wp:term":[{"taxonomy":"category","embeddable":true,"href":"https:\/\/agora.xtec.cat\/ceip-arnau-berenguer\/wp-json\/wp\/v2\/categories?post=2845"},{"taxonomy":"post_tag","embeddable":true,"href":"https:\/\/agora.xtec.cat\/ceip-arnau-berenguer\/wp-json\/wp\/v2\/tags?post=2845"}],"curies":[{"name":"wp","href":"https:\/\/api.w.org\/{rel}","templated":true}]}}