{"id":2112,"date":"2021-12-15T12:14:04","date_gmt":"2021-12-15T11:14:04","guid":{"rendered":"https:\/\/agora.xtec.cat\/ceip-arnau-berenguer\/?p=2112"},"modified":"2021-12-15T12:14:04","modified_gmt":"2021-12-15T11:14:04","slug":"sortida-de-cicle-mitja-espluga-de-francoli","status":"publish","type":"post","link":"https:\/\/agora.xtec.cat\/ceip-arnau-berenguer\/portada\/sortida-de-cicle-mitja-espluga-de-francoli\/","title":{"rendered":"SORTIDA DE CICLE MITJ\u00c0:  ESPLUGA DE FRANCOL\u00cd"},"content":{"rendered":"<p>&nbsp;<\/p>\n<p>Finalment, amb data ja al desembre, hem pogut realitzar la tan esperada sortida de Cicle Mitj\u00e0 a la poblaci\u00f3 de l\u2019Espluga de Francol\u00ed, que ens ha ajudat a concloure el projecte de la prehist\u00f2ria.<\/p>\n<p>Hem gaudit de la visita a les coves, on ens han explicat que aquest conjunt de coves forma la setena cova m\u00e9s llarga del m\u00f3n i la segona de Catalunya formada en conglomerats. El museu que es troba en el seu interior ens ha fet participar, a trav\u00e9s de grans projeccions sobre la mateixa pell de la Cova i d\u2019escenes de teatre virtual, tant del descobriment de la Cova, com de les activitats que els humans hi realitzaven i dels seus sentiments m\u00e9s intensos. Hem descobert l\u2019origen de la fam\u00edlia, en un poblat neol\u00edtic a escala real situat a l\u2019exterior de la cavitat. I hem fet un taller de prehist\u00f2ria, on hem pogut construir una senzilla cabana, i hem repassat els trets m\u00e9s caracter\u00edstics dels nostres avantpassats\u2026 I de record, hem elaborat una pintura rupestre.<\/p>\n<p>A m\u00e9s a m\u00e9s, tot l\u2019alumnat ha disfrutat de valent poden passejar pel museu de la vida rural, on ens han combinat explicacions interactives amb explicacions vivenciades (eines, oli, vi, blat, tom\u00e0quets, el calendari de les fruites i de les hortalisses realitzant cada grup, segons les quatre estacions, una obra art\u00edstica\u2026 Ah, i tamb\u00e9 hi havia una exposici\u00f3 de diversos carros, carruatges, un tractor amb remolc). L\u2019objectiu ha estat rebre uns aprenentatges valuosos per repensar un futur sostenible per a la vida al planeta: Com vivien els nostres avis i besavis? Com treballaven la terra? D\u2019on venia el menjar i d\u2019on ve ara? Com ens alimentarem en el futur? Hi hem reflexionat a trav\u00e9s d\u2019una visita participativa i dialogada a l\u2019exposici\u00f3 dedicada a l\u2019agricultura i una pr\u00e0ctica final a l\u2019hort del museu. Una experi\u00e8ncia que ens ha convidat a pensar en els nostres avantpassats tot recordant com vivien i com diferent era la seva vida de la nostra. Hem fet un viatge al passat, per\u00f2, alhora, ens hem imaginat com ser\u00e0 el nostre futur. Con\u00e8ixer com es treballava la terra antigament i com s\u2019obtenien la farina, l\u2019oli i el vi. Con\u00e8ixer qu\u00e8 suposa l\u2019agricultura en l\u2019alimentaci\u00f3 de les persones. Aprendre a respectar les plantes i \u00e9ssers vius de l\u2019hort. Generar consci\u00e8ncia sobre els reptes de futur vinculats a l\u2019alimentaci\u00f3 sostenible. Fomentar l\u2019esperit cr\u00edtic i el treball cooperatiu.<\/p>\n<p>Activitats molt interessants que ens han omplert tota la jornada!<\/p>\n<p style=\"text-align: center;\"><a href=\"https:\/\/photos.app.goo.gl\/NcvBQHL7twDbeYH96\">CLIQUEU AQU\u00cd<\/a><\/p>\n<p><a href=\"https:\/\/photos.app.goo.gl\/NcvBQHL7twDbeYH96\"><img loading=\"lazy\" decoding=\"async\" class=\"aligncenter size-full wp-image-2113\" src=\"https:\/\/agora.xtec.cat\/ceip-arnau-berenguer\/wp-content\/uploads\/usu1536\/2021\/12\/000sc_0121.jpg\" alt=\"\" width=\"1000\" height=\"667\" srcset=\"https:\/\/agora.xtec.cat\/ceip-arnau-berenguer\/wp-content\/uploads\/usu1536\/2021\/12\/000sc_0121.jpg 1000w, https:\/\/agora.xtec.cat\/ceip-arnau-berenguer\/wp-content\/uploads\/usu1536\/2021\/12\/000sc_0121-300x200.jpg 300w, https:\/\/agora.xtec.cat\/ceip-arnau-berenguer\/wp-content\/uploads\/usu1536\/2021\/12\/000sc_0121-768x512.jpg 768w\" sizes=\"auto, (max-width: 1000px) 100vw, 1000px\" \/><\/a><\/p>\n","protected":false},"excerpt":{"rendered":"<p>&nbsp; Finalment, amb data ja al desembre, hem pogut realitzar la tan esperada sortida de Cicle Mitj\u00e0 a la poblaci\u00f3 de l\u2019Espluga de Francol\u00ed, que ens ha ajudat a concloure el projecte de la prehist\u00f2ria. Hem gaudit de la visita a les coves, on ens han explicat que aquest conjunt de coves forma la setena [&hellip;]<\/p>\n","protected":false},"author":1,"featured_media":2113,"comment_status":"closed","ping_status":"closed","sticky":false,"template":"","format":"standard","meta":{"_bbp_topic_count":0,"_bbp_reply_count":0,"_bbp_total_topic_count":0,"_bbp_total_reply_count":0,"_bbp_voice_count":0,"_bbp_anonymous_reply_count":0,"_bbp_topic_count_hidden":0,"_bbp_reply_count_hidden":0,"_bbp_forum_subforum_count":0,"site-sidebar-layout":"default","site-content-layout":"","ast-site-content-layout":"","site-content-style":"default","site-sidebar-style":"default","ast-global-header-display":"","ast-banner-title-visibility":"","ast-main-header-display":"","ast-hfb-above-header-display":"","ast-hfb-below-header-display":"","ast-hfb-mobile-header-display":"","site-post-title":"","ast-breadcrumbs-content":"","ast-featured-img":"","footer-sml-layout":"","theme-transparent-header-meta":"","adv-header-id-meta":"","stick-header-meta":"","header-above-stick-meta":"","header-main-stick-meta":"","header-below-stick-meta":"","astra-migrate-meta-layouts":"default","ast-page-background-enabled":"default","ast-page-background-meta":{"desktop":{"background-color":"var(--ast-global-color-4)","background-image":"","background-repeat":"repeat","background-position":"center center","background-size":"auto","background-attachment":"scroll","background-type":"","background-media":"","overlay-type":"","overlay-color":"","overlay-opacity":"","overlay-gradient":""},"tablet":{"background-color":"","background-image":"","background-repeat":"repeat","background-position":"center center","background-size":"auto","background-attachment":"scroll","background-type":"","background-media":"","overlay-type":"","overlay-color":"","overlay-opacity":"","overlay-gradient":""},"mobile":{"background-color":"","background-image":"","background-repeat":"repeat","background-position":"center center","background-size":"auto","background-attachment":"scroll","background-type":"","background-media":"","overlay-type":"","overlay-color":"","overlay-opacity":"","overlay-gradient":""}},"ast-content-background-meta":{"desktop":{"background-color":"var(--ast-global-color-5)","background-image":"","background-repeat":"repeat","background-position":"center center","background-size":"auto","background-attachment":"scroll","background-type":"","background-media":"","overlay-type":"","overlay-color":"","overlay-opacity":"","overlay-gradient":""},"tablet":{"background-color":"var(--ast-global-color-5)","background-image":"","background-repeat":"repeat","background-position":"center center","background-size":"auto","background-attachment":"scroll","background-type":"","background-media":"","overlay-type":"","overlay-color":"","overlay-opacity":"","overlay-gradient":""},"mobile":{"background-color":"var(--ast-global-color-5)","background-image":"","background-repeat":"repeat","background-position":"center center","background-size":"auto","background-attachment":"scroll","background-type":"","background-media":"","overlay-type":"","overlay-color":"","overlay-opacity":"","overlay-gradient":""}},"footnotes":""},"categories":[12,63,4],"tags":[],"class_list":["post-2112","post","type-post","status-publish","format-standard","has-post-thumbnail","hentry","category-cicle-mitja","category-escola-verda","category-portada"],"post_mailing_queue_ids":[],"_links":{"self":[{"href":"https:\/\/agora.xtec.cat\/ceip-arnau-berenguer\/wp-json\/wp\/v2\/posts\/2112","targetHints":{"allow":["GET"]}}],"collection":[{"href":"https:\/\/agora.xtec.cat\/ceip-arnau-berenguer\/wp-json\/wp\/v2\/posts"}],"about":[{"href":"https:\/\/agora.xtec.cat\/ceip-arnau-berenguer\/wp-json\/wp\/v2\/types\/post"}],"author":[{"embeddable":true,"href":"https:\/\/agora.xtec.cat\/ceip-arnau-berenguer\/wp-json\/wp\/v2\/users\/1"}],"replies":[{"embeddable":true,"href":"https:\/\/agora.xtec.cat\/ceip-arnau-berenguer\/wp-json\/wp\/v2\/comments?post=2112"}],"version-history":[{"count":1,"href":"https:\/\/agora.xtec.cat\/ceip-arnau-berenguer\/wp-json\/wp\/v2\/posts\/2112\/revisions"}],"predecessor-version":[{"id":2114,"href":"https:\/\/agora.xtec.cat\/ceip-arnau-berenguer\/wp-json\/wp\/v2\/posts\/2112\/revisions\/2114"}],"wp:featuredmedia":[{"embeddable":true,"href":"https:\/\/agora.xtec.cat\/ceip-arnau-berenguer\/wp-json\/wp\/v2\/media\/2113"}],"wp:attachment":[{"href":"https:\/\/agora.xtec.cat\/ceip-arnau-berenguer\/wp-json\/wp\/v2\/media?parent=2112"}],"wp:term":[{"taxonomy":"category","embeddable":true,"href":"https:\/\/agora.xtec.cat\/ceip-arnau-berenguer\/wp-json\/wp\/v2\/categories?post=2112"},{"taxonomy":"post_tag","embeddable":true,"href":"https:\/\/agora.xtec.cat\/ceip-arnau-berenguer\/wp-json\/wp\/v2\/tags?post=2112"}],"curies":[{"name":"wp","href":"https:\/\/api.w.org\/{rel}","templated":true}]}}