{"id":2098,"date":"2021-12-02T10:54:22","date_gmt":"2021-12-02T09:54:22","guid":{"rendered":"https:\/\/agora.xtec.cat\/ceip-arnau-berenguer\/?p=2098"},"modified":"2021-12-02T10:54:22","modified_gmt":"2021-12-02T09:54:22","slug":"santa-cecilia-a-lescola","status":"publish","type":"post","link":"https:\/\/agora.xtec.cat\/ceip-arnau-berenguer\/portada\/santa-cecilia-a-lescola\/","title":{"rendered":"SANTA CEC\u00cdLIA A L&#8217;ESCOLA."},"content":{"rendered":"<h5>INFANTIL<\/h5>\n<p>Aquesta setmana hem celebrat la festa de Santa Cec\u00edlia, patrona de la M\u00fasica. L\u2019escola ha obert les seves portes a totes les fam\u00edlies que vulguin\/puguin participar cantant o tocant instruments i compartir aix\u00ed amb els nens i nenes la m\u00e0gia de la m\u00fasica.<\/p>\n<p>Hem pogut veure i escoltar guitarres, maraques, el saxo, la pandereta i tamb\u00e9 veus que ens deixaven a tots embadalits.<\/p>\n<p>Agra\u00efm al Jaume, padr\u00ed del Roc i l\u2019Anna, a la N\u00faria i a l\u2019Isidre, tieta i padr\u00ed de la Chloe, a la S\u00f2nia, mare de la Rita, a la Maria Serra, mare de l\u2019Alba i a la Paula i la Pilar, professores de m\u00fasica, la seva participaci\u00f3 a la celebraci\u00f3 de santa Cec\u00edlia, ja que amb tots ells hem gaudit en directe d\u2019actuacions musicals diverses i de qualitat.<\/p>\n<p>Encara tenim pendent un altra actuaci\u00f3 a P5, que es dur\u00e0 a terme els propers dies i l\u2019esperem amb molta il\u00b7lusi\u00f3.<\/p>\n<p>Mirant les fotos, veureu qu\u00e8 b\u00e9 ens ho vam passar!<\/p>\n<p style=\"text-align: center;\"><a href=\"https:\/\/photos.app.goo.gl\/Wt4VTqehfdADNv6W8\">CLIQUEU AQU\u00cd\u00a0<\/a><\/p>\n<p><a href=\"https:\/\/photos.app.goo.gl\/Wt4VTqehfdADNv6W8\"><img loading=\"lazy\" decoding=\"async\" class=\"aligncenter size-full wp-image-2100\" src=\"https:\/\/agora.xtec.cat\/ceip-arnau-berenguer\/wp-content\/uploads\/usu1536\/2021\/12\/20211123_115535.jpg\" alt=\"\" width=\"1000\" height=\"750\" srcset=\"https:\/\/agora.xtec.cat\/ceip-arnau-berenguer\/wp-content\/uploads\/usu1536\/2021\/12\/20211123_115535.jpg 1000w, https:\/\/agora.xtec.cat\/ceip-arnau-berenguer\/wp-content\/uploads\/usu1536\/2021\/12\/20211123_115535-300x225.jpg 300w, https:\/\/agora.xtec.cat\/ceip-arnau-berenguer\/wp-content\/uploads\/usu1536\/2021\/12\/20211123_115535-768x576.jpg 768w, https:\/\/agora.xtec.cat\/ceip-arnau-berenguer\/wp-content\/uploads\/usu1536\/2021\/12\/20211123_115535-200x150.jpg 200w\" sizes=\"auto, (max-width: 1000px) 100vw, 1000px\" \/><\/a><\/p>\n<h5>INICIAL<\/h5>\n<p>Al cicle Inicial vam tenir molta participaci\u00f3 a la setmana musical, tant de fam\u00edlies com d\u2019alumnes, aix\u00ed que des d\u2019aqu\u00ed volem agrair la gran participaci\u00f3 en tota aquesta activitat.<\/p>\n<p>Merci per fer-ho possible.<\/p>\n<p>El dia de Santa Cec\u00edlia vam donar prioritat als alumnes musics<\/p>\n<p>Artistes musicals a primer:<\/p>\n<p>-Berta tocant l\u2019ukelele<\/p>\n<p>-Alera tocant el piano<\/p>\n<p>-Maria tocant el piano<\/p>\n<p>-Marc tocant el piano<\/p>\n<p>A segon els artistes musicals s\u00f3n:<\/p>\n<p>-Guerau tocant la bateria<\/p>\n<p>&#8211; Pau tocant la guitarra<\/p>\n<p>-Carlota tocant l\u2019ukelele<\/p>\n<p>-Queralt tocant el piano.<\/p>\n<p>Fam\u00edlies participants, degut al moment actual, ho vam fer amb grups bombolla<\/p>\n<p>A\u00a0 1r<\/p>\n<p>&#8211; padr\u00ed de l\u2019Alera<\/p>\n<p>A 2n<\/p>\n<p>&#8211; padr\u00ed del Biel, ens va tocar la guitarra i ens va cantar i ballar can\u00e7ons d\u2019ara i de sempre.<\/p>\n<p>-Grup Magnet , mare del Blai, ens van tocar i fer ballar can\u00e7ons.<\/p>\n<p>-Mare de la Mar, ens va deleitar tocant el saxo<\/p>\n<p>&#8211; Mare de l\u2019Asier, ens va cantar can\u00e7ons de sempre<\/p>\n<p>Mare de l\u2019\u00c8rik, acompanyada de la senyoreta Paula , la practicant ens van fer gaudir de la m\u00fasica dels 80.<\/p>\n<p>I per tot l\u2019edifici de la pla\u00e7a\u00a0 Generalitat, les Mestres de m\u00fasica d\u2019extraescolars, la Paula i la Pilar, ens van oferir un petit concert a cada classe.<\/p>\n<p style=\"text-align: center;\"><a href=\"https:\/\/photos.app.goo.gl\/zGv3eK8y517zBsEW7\">CLIQUEU AQU\u00cd<\/a><\/p>\n<p><a href=\"https:\/\/agora.xtec.cat\/ceip-arnau-berenguer\/wp-content\/uploads\/usu1536\/2021\/12\/WhatsApp-Image-2021-12-02-at-10.23.16-1.jpeg\"><img loading=\"lazy\" decoding=\"async\" class=\"aligncenter size-large wp-image-2102\" src=\"https:\/\/agora.xtec.cat\/ceip-arnau-berenguer\/wp-content\/uploads\/usu1536\/2021\/12\/WhatsApp-Image-2021-12-02-at-10.23.16-1-1024x768.jpeg\" alt=\"\" width=\"1024\" height=\"768\" srcset=\"https:\/\/agora.xtec.cat\/ceip-arnau-berenguer\/wp-content\/uploads\/usu1536\/2021\/12\/WhatsApp-Image-2021-12-02-at-10.23.16-1-1024x768.jpeg 1024w, https:\/\/agora.xtec.cat\/ceip-arnau-berenguer\/wp-content\/uploads\/usu1536\/2021\/12\/WhatsApp-Image-2021-12-02-at-10.23.16-1-300x225.jpeg 300w, https:\/\/agora.xtec.cat\/ceip-arnau-berenguer\/wp-content\/uploads\/usu1536\/2021\/12\/WhatsApp-Image-2021-12-02-at-10.23.16-1-768x576.jpeg 768w, https:\/\/agora.xtec.cat\/ceip-arnau-berenguer\/wp-content\/uploads\/usu1536\/2021\/12\/WhatsApp-Image-2021-12-02-at-10.23.16-1-1536x1152.jpeg 1536w, https:\/\/agora.xtec.cat\/ceip-arnau-berenguer\/wp-content\/uploads\/usu1536\/2021\/12\/WhatsApp-Image-2021-12-02-at-10.23.16-1-200x150.jpeg 200w, https:\/\/agora.xtec.cat\/ceip-arnau-berenguer\/wp-content\/uploads\/usu1536\/2021\/12\/WhatsApp-Image-2021-12-02-at-10.23.16-1.jpeg 1600w\" sizes=\"auto, (max-width: 1024px) 100vw, 1024px\" \/><\/a><\/p>\n<p>&nbsp;<\/p>\n<h5>MITJ\u00c0 I SUPERIOR<\/h5>\n<p style=\"text-align: left;\">Dia 22 de novembre, Santa Cec\u00edlia, patrona de la m\u00fasica.<\/p>\n<p style=\"text-align: left;\">L\u2019alumnat i mestres de Sant Roc i els familiars participants en aquest acte,<\/p>\n<p style=\"text-align: left;\">\u00a0ens v\u00e0rem reunir a la pista exterior de l\u2019escola on ja estava tot a punt per iniciar l\u2019activitat.<\/p>\n<p style=\"text-align: left;\">Amb una m\u00fasica marcant l\u2019inici de l\u2019acte, i amb la corresponent presentaci\u00f3 del programa<\/p>\n<p style=\"text-align: left;\">\u00a0que trobem a continuaci\u00f3, es va anar desenvolupant aquest tast\u00a0 musical tant vivencial i<\/p>\n<p style=\"text-align: left;\">\u00a0enriquidor, ja que l\u2019alumnat i els seus familiars eren els protagonistes.<\/p>\n<table width=\"728\">\n<tbody>\n<tr>\n<td width=\"132\">FAMILIAR<\/td>\n<td width=\"227\"><strong>Ares (germana de l\u2019Eloi)<\/strong><\/td>\n<td width=\"369\">Ens va\u00a0 interpretar tres can\u00e7ons acompanyada del teclat.<\/td>\n<\/tr>\n<tr>\n<td width=\"132\">QUART A<\/td>\n<td width=\"227\"><strong>Nil Mart\u00ednez<\/strong><\/p>\n<p><strong>J\u00falia Clotet<\/strong><\/p>\n<p><strong>\u00a0<\/strong><\/td>\n<td width=\"369\">La filla del marxant, popular catalana (guitarra).<\/p>\n<p>Himne de l\u2019alegria, Beethoven (teclat)<\/td>\n<\/tr>\n<tr>\n<td width=\"132\">QUART B<\/td>\n<td width=\"227\"><strong>M\u00e0xim Oller<\/strong><\/p>\n<p><strong>Joao Malagon<\/strong><\/p>\n<p><strong>Arnau Vilagrasa<\/strong><\/p>\n<p><strong>\u00a0<\/strong><\/td>\n<td width=\"369\">Al jard\u00ed i advocat (teclat)<\/p>\n<p>L\u2019himne de l\u2019Alegria \u00a0(flauta)<\/p>\n<p>Els pirates del Carib (flauta travessera)<\/td>\n<\/tr>\n<tr>\n<td width=\"132\">CINQU\u00c8<\/p>\n<p>&nbsp;<\/td>\n<td width=\"227\"><strong>Grup classe<\/strong><\/td>\n<td width=\"369\">C\u00e0non \u201csi de bon mat\u00ed\u201d, a dues veus (col\u00b7lectiu)<\/p>\n<p>I una can\u00e7\u00f3 sorpresa ben divertida i mimada amb molt\u00edssima gr\u00e0cia.<\/p>\n<p>&nbsp;<\/p>\n<p>&nbsp;<\/td>\n<\/tr>\n<tr>\n<td width=\"132\">SIS\u00c8 B<\/p>\n<p>&nbsp;<\/td>\n<td width=\"227\"><strong>Abril Matamoros<\/strong><\/p>\n<p><strong>\u00a0<\/strong><\/p>\n<p><strong>Mar Bar\u00f3 i el seu pare, Jordi Bar\u00f3<\/strong><\/p>\n<p><strong>\u00a0<\/strong><\/td>\n<td width=\"369\">Peces amb el saxo.<\/p>\n<p>&nbsp;<\/p>\n<p>Un tros de Cadilac Solitario i un tros de green Day (bateria i guitarra el\u00e8ctrica)<\/p>\n<p>&nbsp;<\/p>\n<p>&nbsp;<\/p>\n<p>&nbsp;<\/td>\n<\/tr>\n<tr>\n<td width=\"132\">TERCER<\/p>\n<p>&nbsp;<\/td>\n<td width=\"227\"><strong>Tha\u00efs Pi\u00f1ol<\/strong><\/p>\n<p><strong>Mart\u00ed Bonjorn<\/strong><\/p>\n<p><strong>Arnau Camps<\/strong><\/p>\n<p><strong>\u00c0lex Zambrano<\/strong><\/p>\n<p><strong>Mariona Torrent<\/strong><\/p>\n<p><strong>David Rebollo<\/strong><\/p>\n<p><strong>\u00a0<\/strong><\/td>\n<td width=\"369\">Para Elisa de Beethoven i We long (piano).<\/p>\n<p>Hereu riera i una lli\u00e7\u00f3 del Beyer (piano).<\/p>\n<p>Soc de l\u2019oest (guitarra).<\/p>\n<p>Hereu riera i lli\u00e7\u00f3 del Beyer (piano).<\/p>\n<p>Himne de l\u2019Alegria (piano).<\/p>\n<p>Una pe\u00e7a al piano.<\/p>\n<p>&nbsp;<\/td>\n<\/tr>\n<tr>\n<td colspan=\"3\" width=\"728\">Agra\u00efm al grup\u00a0 de tercer que al no poder assistir a l\u2019escola es van gravar i ens van enviar els seus v\u00eddeos que hem pogut mirar i admirar !<\/td>\n<\/tr>\n<\/tbody>\n<\/table>\n<p>&nbsp;<\/p>\n<p>Molt\u00edssimes gr\u00e0cies a tots els participant i enhorabona per les seves habilitats i el seu coneixement musical.<\/p>\n<p style=\"text-align: center;\"><a href=\"https:\/\/photos.app.goo.gl\/VLL2yoswGChqHLkX9\">CLIQUEU AQU\u00cd\u00a0<\/a><\/p>\n<p><a href=\"https:\/\/photos.app.goo.gl\/VLL2yoswGChqHLkX9\"><img loading=\"lazy\" decoding=\"async\" class=\"aligncenter size-full wp-image-2099\" src=\"https:\/\/agora.xtec.cat\/ceip-arnau-berenguer\/wp-content\/uploads\/usu1536\/2021\/12\/IMG_20211122_151925.jpg\" alt=\"\" width=\"1000\" height=\"750\" srcset=\"https:\/\/agora.xtec.cat\/ceip-arnau-berenguer\/wp-content\/uploads\/usu1536\/2021\/12\/IMG_20211122_151925.jpg 1000w, https:\/\/agora.xtec.cat\/ceip-arnau-berenguer\/wp-content\/uploads\/usu1536\/2021\/12\/IMG_20211122_151925-300x225.jpg 300w, https:\/\/agora.xtec.cat\/ceip-arnau-berenguer\/wp-content\/uploads\/usu1536\/2021\/12\/IMG_20211122_151925-768x576.jpg 768w, https:\/\/agora.xtec.cat\/ceip-arnau-berenguer\/wp-content\/uploads\/usu1536\/2021\/12\/IMG_20211122_151925-200x150.jpg 200w\" sizes=\"auto, (max-width: 1000px) 100vw, 1000px\" \/><\/a><\/p>\n","protected":false},"excerpt":{"rendered":"<p>INFANTIL Aquesta setmana hem celebrat la festa de Santa Cec\u00edlia, patrona de la M\u00fasica. L\u2019escola ha obert les seves portes a totes les fam\u00edlies que vulguin\/puguin participar cantant o tocant instruments i compartir aix\u00ed amb els nens i nenes la m\u00e0gia de la m\u00fasica. Hem pogut veure i escoltar guitarres, maraques, el saxo, la pandereta [&hellip;]<\/p>\n","protected":false},"author":1,"featured_media":2102,"comment_status":"closed","ping_status":"closed","sticky":false,"template":"","format":"standard","meta":{"_bbp_topic_count":0,"_bbp_reply_count":0,"_bbp_total_topic_count":0,"_bbp_total_reply_count":0,"_bbp_voice_count":0,"_bbp_anonymous_reply_count":0,"_bbp_topic_count_hidden":0,"_bbp_reply_count_hidden":0,"_bbp_forum_subforum_count":0,"site-sidebar-layout":"default","site-content-layout":"","ast-site-content-layout":"","site-content-style":"default","site-sidebar-style":"default","ast-global-header-display":"","ast-banner-title-visibility":"","ast-main-header-display":"","ast-hfb-above-header-display":"","ast-hfb-below-header-display":"","ast-hfb-mobile-header-display":"","site-post-title":"","ast-breadcrumbs-content":"","ast-featured-img":"","footer-sml-layout":"","theme-transparent-header-meta":"","adv-header-id-meta":"","stick-header-meta":"","header-above-stick-meta":"","header-main-stick-meta":"","header-below-stick-meta":"","astra-migrate-meta-layouts":"default","ast-page-background-enabled":"default","ast-page-background-meta":{"desktop":{"background-color":"var(--ast-global-color-4)","background-image":"","background-repeat":"repeat","background-position":"center center","background-size":"auto","background-attachment":"scroll","background-type":"","background-media":"","overlay-type":"","overlay-color":"","overlay-opacity":"","overlay-gradient":""},"tablet":{"background-color":"","background-image":"","background-repeat":"repeat","background-position":"center center","background-size":"auto","background-attachment":"scroll","background-type":"","background-media":"","overlay-type":"","overlay-color":"","overlay-opacity":"","overlay-gradient":""},"mobile":{"background-color":"","background-image":"","background-repeat":"repeat","background-position":"center center","background-size":"auto","background-attachment":"scroll","background-type":"","background-media":"","overlay-type":"","overlay-color":"","overlay-opacity":"","overlay-gradient":""}},"ast-content-background-meta":{"desktop":{"background-color":"var(--ast-global-color-5)","background-image":"","background-repeat":"repeat","background-position":"center center","background-size":"auto","background-attachment":"scroll","background-type":"","background-media":"","overlay-type":"","overlay-color":"","overlay-opacity":"","overlay-gradient":""},"tablet":{"background-color":"var(--ast-global-color-5)","background-image":"","background-repeat":"repeat","background-position":"center center","background-size":"auto","background-attachment":"scroll","background-type":"","background-media":"","overlay-type":"","overlay-color":"","overlay-opacity":"","overlay-gradient":""},"mobile":{"background-color":"var(--ast-global-color-5)","background-image":"","background-repeat":"repeat","background-position":"center center","background-size":"auto","background-attachment":"scroll","background-type":"","background-media":"","overlay-type":"","overlay-color":"","overlay-opacity":"","overlay-gradient":""}},"footnotes":""},"categories":[62,4,5],"tags":[],"class_list":["post-2098","post","type-post","status-publish","format-standard","has-post-thumbnail","hentry","category-festes-escola","category-portada","category-primaria"],"post_mailing_queue_ids":[],"_links":{"self":[{"href":"https:\/\/agora.xtec.cat\/ceip-arnau-berenguer\/wp-json\/wp\/v2\/posts\/2098","targetHints":{"allow":["GET"]}}],"collection":[{"href":"https:\/\/agora.xtec.cat\/ceip-arnau-berenguer\/wp-json\/wp\/v2\/posts"}],"about":[{"href":"https:\/\/agora.xtec.cat\/ceip-arnau-berenguer\/wp-json\/wp\/v2\/types\/post"}],"author":[{"embeddable":true,"href":"https:\/\/agora.xtec.cat\/ceip-arnau-berenguer\/wp-json\/wp\/v2\/users\/1"}],"replies":[{"embeddable":true,"href":"https:\/\/agora.xtec.cat\/ceip-arnau-berenguer\/wp-json\/wp\/v2\/comments?post=2098"}],"version-history":[{"count":2,"href":"https:\/\/agora.xtec.cat\/ceip-arnau-berenguer\/wp-json\/wp\/v2\/posts\/2098\/revisions"}],"predecessor-version":[{"id":2103,"href":"https:\/\/agora.xtec.cat\/ceip-arnau-berenguer\/wp-json\/wp\/v2\/posts\/2098\/revisions\/2103"}],"wp:featuredmedia":[{"embeddable":true,"href":"https:\/\/agora.xtec.cat\/ceip-arnau-berenguer\/wp-json\/wp\/v2\/media\/2102"}],"wp:attachment":[{"href":"https:\/\/agora.xtec.cat\/ceip-arnau-berenguer\/wp-json\/wp\/v2\/media?parent=2098"}],"wp:term":[{"taxonomy":"category","embeddable":true,"href":"https:\/\/agora.xtec.cat\/ceip-arnau-berenguer\/wp-json\/wp\/v2\/categories?post=2098"},{"taxonomy":"post_tag","embeddable":true,"href":"https:\/\/agora.xtec.cat\/ceip-arnau-berenguer\/wp-json\/wp\/v2\/tags?post=2098"}],"curies":[{"name":"wp","href":"https:\/\/api.w.org\/{rel}","templated":true}]}}