{"id":2064,"date":"2021-11-11T09:16:28","date_gmt":"2021-11-11T08:16:28","guid":{"rendered":"https:\/\/agora.xtec.cat\/ceip-arnau-berenguer\/?p=2064"},"modified":"2021-11-11T09:16:28","modified_gmt":"2021-11-11T08:16:28","slug":"la-perdiu-del-pati","status":"publish","type":"post","link":"https:\/\/agora.xtec.cat\/ceip-arnau-berenguer\/portada\/la-perdiu-del-pati\/","title":{"rendered":"LA PERDIU DEL PATI"},"content":{"rendered":"<p>LA PETITA HIST\u00d2RIA DE LA PERDIU<\/p>\n<p>La hist\u00f2ria comen\u00e7a quan hem vist, darrere de l\u2019escola, al pati, una perdiu. Havia entrat dins el recinte del nostre edifici i no sabia com sortir. Quan ens hi hem atansat, s\u2019ha amagat sota uns arbustos i\u00a0 l\u2019hem pogut agafar amb facilitat. Una vegada la ten\u00edem, el primer que hem fet ha estat mirar que estigu\u00e9s b\u00e9, l\u2019hem acariciat i l\u2019hem posat dins una capsa amb menjar (pan\u00eds)i aigua, ja que era el migdia, justament l\u2019 hora de marxar cap a casa. Alguns a la perdiu li deien Coco, altres Naruto o tamb\u00e9 Panoxi&#8230;<\/p>\n<p>A continuaci\u00f3 ens han sorgit diferents propostes per la perdiu:<\/p>\n<ul>\n<li>La podr\u00edem posar al galliner barrejant-la amb les gallines?<\/li>\n<li>I si ens la qued\u00e0vem a la classe?<\/li>\n<\/ul>\n<p>Una vegada comentades aquestes idees ens hem adonat\u00a0 del qu\u00e8 seria m\u00e9s adequat per la perdiu. Per tant, hem arribat a la conclusi\u00f3 que calia deixar-la en llibertat. Per aix\u00f2, a la tarda, en tornar a l\u2019escola, l\u2019hem agafada i ens hem arribat fins als camps m\u00e9s propers i all\u00ed l\u2019hem deixada en llibertat. Ui, quines ganes tenia de c\u00f3rrer i de tornar al seu h\u00e0bitat! I no ens ha donat temps a fer-li una foto&#8230;<\/p>\n<p>Ni que a nosaltres ens hagi quedat \u00a0una sensaci\u00f3 de p\u00e8rdua, tots estem conven\u00e7uts i conven\u00e7udes que hem actuat correctament. Segurament que ella ja deu estar en un camp i potser ha trobat d\u2019altres perdius, o a la seva fam\u00edlia.<\/p>\n<p style=\"text-align: center;\"><a href=\"https:\/\/photos.app.goo.gl\/brBhVMknsMsC9hkMA\">CLIQUEUAQU\u00cd<\/a><\/p>\n<p style=\"text-align: center;\"><a href=\"https:\/\/photos.app.goo.gl\/brBhVMknsMsC9hkMA\"><img loading=\"lazy\" decoding=\"async\" class=\"aligncenter size-full wp-image-2065\" src=\"https:\/\/agora.xtec.cat\/ceip-arnau-berenguer\/wp-content\/uploads\/usu1536\/2021\/11\/20211108_151105.jpg\" alt=\"\" width=\"1000\" height=\"750\" srcset=\"https:\/\/agora.xtec.cat\/ceip-arnau-berenguer\/wp-content\/uploads\/usu1536\/2021\/11\/20211108_151105.jpg 1000w, https:\/\/agora.xtec.cat\/ceip-arnau-berenguer\/wp-content\/uploads\/usu1536\/2021\/11\/20211108_151105-300x225.jpg 300w, https:\/\/agora.xtec.cat\/ceip-arnau-berenguer\/wp-content\/uploads\/usu1536\/2021\/11\/20211108_151105-768x576.jpg 768w, https:\/\/agora.xtec.cat\/ceip-arnau-berenguer\/wp-content\/uploads\/usu1536\/2021\/11\/20211108_151105-200x150.jpg 200w\" sizes=\"auto, (max-width: 1000px) 100vw, 1000px\" \/><\/a><\/p>\n","protected":false},"excerpt":{"rendered":"<p>LA PETITA HIST\u00d2RIA DE LA PERDIU La hist\u00f2ria comen\u00e7a quan hem vist, darrere de l\u2019escola, al pati, una perdiu. Havia entrat dins el recinte del nostre edifici i no sabia com sortir. Quan ens hi hem atansat, s\u2019ha amagat sota uns arbustos i\u00a0 l\u2019hem pogut agafar amb facilitat. Una vegada la ten\u00edem, el primer que [&hellip;]<\/p>\n","protected":false},"author":1,"featured_media":2065,"comment_status":"open","ping_status":"closed","sticky":false,"template":"","format":"standard","meta":{"_bbp_topic_count":0,"_bbp_reply_count":0,"_bbp_total_topic_count":0,"_bbp_total_reply_count":0,"_bbp_voice_count":0,"_bbp_anonymous_reply_count":0,"_bbp_topic_count_hidden":0,"_bbp_reply_count_hidden":0,"_bbp_forum_subforum_count":0,"site-sidebar-layout":"default","site-content-layout":"","ast-site-content-layout":"","site-content-style":"default","site-sidebar-style":"default","ast-global-header-display":"","ast-banner-title-visibility":"","ast-main-header-display":"","ast-hfb-above-header-display":"","ast-hfb-below-header-display":"","ast-hfb-mobile-header-display":"","site-post-title":"","ast-breadcrumbs-content":"","ast-featured-img":"","footer-sml-layout":"","theme-transparent-header-meta":"","adv-header-id-meta":"","stick-header-meta":"","header-above-stick-meta":"","header-main-stick-meta":"","header-below-stick-meta":"","astra-migrate-meta-layouts":"default","ast-page-background-enabled":"default","ast-page-background-meta":{"desktop":{"background-color":"var(--ast-global-color-4)","background-image":"","background-repeat":"repeat","background-position":"center center","background-size":"auto","background-attachment":"scroll","background-type":"","background-media":"","overlay-type":"","overlay-color":"","overlay-opacity":"","overlay-gradient":""},"tablet":{"background-color":"","background-image":"","background-repeat":"repeat","background-position":"center center","background-size":"auto","background-attachment":"scroll","background-type":"","background-media":"","overlay-type":"","overlay-color":"","overlay-opacity":"","overlay-gradient":""},"mobile":{"background-color":"","background-image":"","background-repeat":"repeat","background-position":"center center","background-size":"auto","background-attachment":"scroll","background-type":"","background-media":"","overlay-type":"","overlay-color":"","overlay-opacity":"","overlay-gradient":""}},"ast-content-background-meta":{"desktop":{"background-color":"var(--ast-global-color-5)","background-image":"","background-repeat":"repeat","background-position":"center center","background-size":"auto","background-attachment":"scroll","background-type":"","background-media":"","overlay-type":"","overlay-color":"","overlay-opacity":"","overlay-gradient":""},"tablet":{"background-color":"var(--ast-global-color-5)","background-image":"","background-repeat":"repeat","background-position":"center center","background-size":"auto","background-attachment":"scroll","background-type":"","background-media":"","overlay-type":"","overlay-color":"","overlay-opacity":"","overlay-gradient":""},"mobile":{"background-color":"var(--ast-global-color-5)","background-image":"","background-repeat":"repeat","background-position":"center center","background-size":"auto","background-attachment":"scroll","background-type":"","background-media":"","overlay-type":"","overlay-color":"","overlay-opacity":"","overlay-gradient":""}},"footnotes":""},"categories":[12,63,4],"tags":[],"class_list":["post-2064","post","type-post","status-publish","format-standard","has-post-thumbnail","hentry","category-cicle-mitja","category-escola-verda","category-portada"],"post_mailing_queue_ids":[],"_links":{"self":[{"href":"https:\/\/agora.xtec.cat\/ceip-arnau-berenguer\/wp-json\/wp\/v2\/posts\/2064","targetHints":{"allow":["GET"]}}],"collection":[{"href":"https:\/\/agora.xtec.cat\/ceip-arnau-berenguer\/wp-json\/wp\/v2\/posts"}],"about":[{"href":"https:\/\/agora.xtec.cat\/ceip-arnau-berenguer\/wp-json\/wp\/v2\/types\/post"}],"author":[{"embeddable":true,"href":"https:\/\/agora.xtec.cat\/ceip-arnau-berenguer\/wp-json\/wp\/v2\/users\/1"}],"replies":[{"embeddable":true,"href":"https:\/\/agora.xtec.cat\/ceip-arnau-berenguer\/wp-json\/wp\/v2\/comments?post=2064"}],"version-history":[{"count":1,"href":"https:\/\/agora.xtec.cat\/ceip-arnau-berenguer\/wp-json\/wp\/v2\/posts\/2064\/revisions"}],"predecessor-version":[{"id":2066,"href":"https:\/\/agora.xtec.cat\/ceip-arnau-berenguer\/wp-json\/wp\/v2\/posts\/2064\/revisions\/2066"}],"wp:featuredmedia":[{"embeddable":true,"href":"https:\/\/agora.xtec.cat\/ceip-arnau-berenguer\/wp-json\/wp\/v2\/media\/2065"}],"wp:attachment":[{"href":"https:\/\/agora.xtec.cat\/ceip-arnau-berenguer\/wp-json\/wp\/v2\/media?parent=2064"}],"wp:term":[{"taxonomy":"category","embeddable":true,"href":"https:\/\/agora.xtec.cat\/ceip-arnau-berenguer\/wp-json\/wp\/v2\/categories?post=2064"},{"taxonomy":"post_tag","embeddable":true,"href":"https:\/\/agora.xtec.cat\/ceip-arnau-berenguer\/wp-json\/wp\/v2\/tags?post=2064"}],"curies":[{"name":"wp","href":"https:\/\/api.w.org\/{rel}","templated":true}]}}