{"id":2037,"date":"2021-11-04T09:33:27","date_gmt":"2021-11-04T08:33:27","guid":{"rendered":"https:\/\/agora.xtec.cat\/ceip-arnau-berenguer\/?p=2037"},"modified":"2021-11-04T09:33:27","modified_gmt":"2021-11-04T08:33:27","slug":"a-lescola-celebrem-la-castanyada","status":"publish","type":"post","link":"https:\/\/agora.xtec.cat\/ceip-arnau-berenguer\/portada\/a-lescola-celebrem-la-castanyada\/","title":{"rendered":"A L&#8217;ESCOLA CELEBREM LA CASTANYADA"},"content":{"rendered":"<h3 style=\"text-align: center;\">ED. INFANTIL<\/h3>\n<p>Enguany tots els nens i nenes de P3, P4 i P5 vam comen\u00e7ar el dia de la Castanyada ballant unes danses de tardor al pati de l\u2019escola. \u00a0Tots vam aplaudir de valent perqu\u00e8 els va sortir molt b\u00e9!<\/p>\n<p>Despr\u00e9s d\u2019esmorzar, vam pujar a l\u2019autocar que ens portaria a l\u2019estany d\u2019Ivars Vila-sana, on compartir\u00edem la resta del dia amb els altres companys\/es de l\u2019escola. El viatge va ser curtet per\u00f2 emocionant: cant\u00e0vem, r\u00e8iem i coment\u00e0vem tot el que an\u00e0vem veient. Un cop all\u00ed, vam fer un recorregut per l\u2019estany observant els animals i plantes, fins i tot vam pujar dalt de la torre del mirador i vam entrar a la caseta de guaita. Vam c\u00f3rrer, jugar tota l\u2019estona i tamb\u00e9 vam menjar ben a gust les castanyes que ens van portar mares de l\u2019AMPA.<\/p>\n<p>Un gran dia de conviv\u00e8ncia que vam gaudir grans i petits!<\/p>\n<p style=\"text-align: center;\"><a href=\"https:\/\/photos.app.goo.gl\/jzgPZ4KKcJdNXmH78\">CLIQUEU AQU\u00cd<\/a><\/p>\n<p><a href=\"https:\/\/photos.app.goo.gl\/jzgPZ4KKcJdNXmH78\"><img loading=\"lazy\" decoding=\"async\" class=\"aligncenter size-full wp-image-2039\" src=\"https:\/\/agora.xtec.cat\/ceip-arnau-berenguer\/wp-content\/uploads\/usu1536\/2021\/11\/111Dsc02258.jpg\" alt=\"\" width=\"1000\" height=\"750\" srcset=\"https:\/\/agora.xtec.cat\/ceip-arnau-berenguer\/wp-content\/uploads\/usu1536\/2021\/11\/111Dsc02258.jpg 1000w, https:\/\/agora.xtec.cat\/ceip-arnau-berenguer\/wp-content\/uploads\/usu1536\/2021\/11\/111Dsc02258-300x225.jpg 300w, https:\/\/agora.xtec.cat\/ceip-arnau-berenguer\/wp-content\/uploads\/usu1536\/2021\/11\/111Dsc02258-768x576.jpg 768w, https:\/\/agora.xtec.cat\/ceip-arnau-berenguer\/wp-content\/uploads\/usu1536\/2021\/11\/111Dsc02258-200x150.jpg 200w\" sizes=\"auto, (max-width: 1000px) 100vw, 1000px\" \/><\/a><\/p>\n<h3 style=\"text-align: center;\">CICLE INICIAL<\/h3>\n<p>Les i els alumnes de Cicle Inicial el divendres 29 ens ho vam passar molt b\u00e9 observant elements de tardor, entre d\u2019altres, a l\u2019estany d\u2019Ivars i Vila-sana. Despr\u00e9s de dinar la jornada va finalitzar amb l\u2019arribada de la castanyera, que ens va portar castanyes bon\u00edssimes.<\/p>\n<p style=\"text-align: center;\"><a href=\"https:\/\/photos.app.goo.gl\/dahrVan8Ufx1TzHz8\">CLIQUEU AQU\u00cd\u00a0<\/a><\/p>\n<p><a href=\"https:\/\/photos.app.goo.gl\/dahrVan8Ufx1TzHz8\"><img loading=\"lazy\" decoding=\"async\" class=\"aligncenter size-full wp-image-2040\" src=\"https:\/\/agora.xtec.cat\/ceip-arnau-berenguer\/wp-content\/uploads\/usu1536\/2021\/11\/1635855986006.jpg\" alt=\"\" width=\"1000\" height=\"748\" srcset=\"https:\/\/agora.xtec.cat\/ceip-arnau-berenguer\/wp-content\/uploads\/usu1536\/2021\/11\/1635855986006.jpg 1000w, https:\/\/agora.xtec.cat\/ceip-arnau-berenguer\/wp-content\/uploads\/usu1536\/2021\/11\/1635855986006-300x224.jpg 300w, https:\/\/agora.xtec.cat\/ceip-arnau-berenguer\/wp-content\/uploads\/usu1536\/2021\/11\/1635855986006-768x574.jpg 768w, https:\/\/agora.xtec.cat\/ceip-arnau-berenguer\/wp-content\/uploads\/usu1536\/2021\/11\/1635855986006-200x150.jpg 200w\" sizes=\"auto, (max-width: 1000px) 100vw, 1000px\" \/><\/a><\/p>\n<h3 style=\"text-align: center;\">CICLE MITJ\u00c0<\/h3>\n<h3 style=\"text-align: center;\"><strong>\u00a0<\/strong><\/h3>\n<p>L&#8217;alumnat de cicle Mitj\u00e0 v\u00e0rem fer l&#8217;esperada &#8220;Caminada&#8221;\u00a0fins a\u00a0arribar a l&#8217;estany d&#8217;Ivars-\u00a0Vila-sana. Vam aprofitar la passejada per anar observant i comentant tots els diferents elements de la natura en aquest entorn proper: plantes, animals, edificis,\u00a0etc.; i com la tardor canvia el paisatge. Vam passar per davant de la Novella Baixa i vam fer una primera parada a la Novella Alta, repassant conceptes com la import\u00e0ncia del treball a la terra, la funci\u00f3 de les masies&#8230;<br \/>\nArribant a prop del poble de\u00a0Vila-sana, vam passar per davant del parc de bicicletes i vam esmorzar al voltant del majestu\u00f3s plataner. Continuant el nostre trajecte vam veure la pista de p\u00e0del i la de patinet, on vam fer un petit tastet i en arribar al centre del poble vam\u00a0veure\u00a0l&#8217;Ajuntament aturant-nos una estona a la pla\u00e7a, ja que hi ha tobogans per on vam baixar, bancs per pedalar que vam provar&#8230; i vam veure dibuixat en el terra d&#8217;aquest lloc l&#8217;escut de\u00a0Vila-sana.<br \/>\nAh, s\u00ed, vam\u00a0gaudir\u00a0molt agafant alguna pinya de pan\u00eds que havia quedat escampada en algun tros. I a un alumne se li va quedar for\u00e7a cua de rata enganxada als pantalons del xandall, per\u00f2 ho vam solucionar b\u00e9. Tamb\u00e9 vam tenir l&#8217;assist\u00e8ncia de la furgoneta per poder acompanyar a qui ho necessit\u00e9s a l&#8217;estany, esperant l&#8217;arribada dels altres.<br \/>\nEn arribar a l&#8217;estany, el primer que vam fer va ser dinar. A continuaci\u00f3 vam rebre la visita de la Castanyera i les seves\u00a0ajudants, i vam poder menjar aquelles bon\u00edssimes castanyes. Una estona de joc lliure i entrada cap a l&#8217;estany, on vam fer un<br \/>\nbreu recorregut per con\u00e8ixer la fauna i la flora m\u00e9s representativa d&#8217;aquest indret.<br \/>\nDurant tota la jornada vam vetllar per un bon ambient de\u00a0conviv\u00e8ncia\u00a0i de respecte i sobretot per poder\u00a0fruir\u00a0d&#8217;aquesta encantadora sortida.<\/p>\n<p style=\"text-align: center;\"><a href=\"https:\/\/photos.app.goo.gl\/D56ABibxtZfru3vD9\">CLIQUEU AQU\u00cd<\/a><\/p>\n<p><a href=\"https:\/\/photos.app.goo.gl\/D56ABibxtZfru3vD9\"><img loading=\"lazy\" decoding=\"async\" class=\"aligncenter size-full wp-image-2041\" src=\"https:\/\/agora.xtec.cat\/ceip-arnau-berenguer\/wp-content\/uploads\/usu1536\/2021\/11\/DSC_0111.jpg\" alt=\"\" width=\"1000\" height=\"667\" srcset=\"https:\/\/agora.xtec.cat\/ceip-arnau-berenguer\/wp-content\/uploads\/usu1536\/2021\/11\/DSC_0111.jpg 1000w, https:\/\/agora.xtec.cat\/ceip-arnau-berenguer\/wp-content\/uploads\/usu1536\/2021\/11\/DSC_0111-300x200.jpg 300w, https:\/\/agora.xtec.cat\/ceip-arnau-berenguer\/wp-content\/uploads\/usu1536\/2021\/11\/DSC_0111-768x512.jpg 768w\" sizes=\"auto, (max-width: 1000px) 100vw, 1000px\" \/><\/a><\/p>\n<p>&nbsp;<\/p>\n<h3 style=\"text-align: center;\">CICLE SUPERIOR<\/h3>\n<p>L&#8217;alumnat de Cicle superior hem anat a l&#8217;Estany amb bicicleta. A Vila-Sana hem esmorzat a la pla\u00e7a del poble i un cop recuperades les energ\u00edes hem continuat cap a l&#8217;Estany. En arribar ens hem dividit per grups per poder fer la cursa d&#8217;orientaci\u00f3 que ens hav\u00eden preparat. Mapes, c\u00e0mera i endavant! Ens ho hem passat molt b\u00e9, encara que alguns punts del mapa ens hagin costat una mica de localitzar. Hem treballat en equip i hem aconseguit localitzar i fotografiar els 12 punts que apareix\u00eden al mapa i resoldre els gerogl\u00edfics que hi havia a la torre. Un cop acabada la cursa d&#8217;orientaci\u00f3 hem dinat i han vingut les castanyeres. Unes quantes castanyes de postre, una estona de jocs i cap a Palau que hi falta gent! Ha estat un dia genial i hem disfrutat d&#8217;all\u00f2 m\u00e9s!<\/p>\n<p style=\"text-align: center;\"><a href=\"https:\/\/photos.app.goo.gl\/ADXDQsxTc7bVojxz8\">CLIQUEU AQU\u00cd\u00a0<\/a><\/p>\n<p><a href=\"https:\/\/photos.app.goo.gl\/ADXDQsxTc7bVojxz8\"><img loading=\"lazy\" decoding=\"async\" class=\"aligncenter size-large wp-image-2038\" src=\"https:\/\/agora.xtec.cat\/ceip-arnau-berenguer\/wp-content\/uploads\/usu1536\/2021\/11\/IMG_20211029_152742-1024x576.jpg\" alt=\"\" width=\"1024\" height=\"576\" srcset=\"https:\/\/agora.xtec.cat\/ceip-arnau-berenguer\/wp-content\/uploads\/usu1536\/2021\/11\/IMG_20211029_152742-1024x576.jpg 1024w, https:\/\/agora.xtec.cat\/ceip-arnau-berenguer\/wp-content\/uploads\/usu1536\/2021\/11\/IMG_20211029_152742-300x169.jpg 300w, https:\/\/agora.xtec.cat\/ceip-arnau-berenguer\/wp-content\/uploads\/usu1536\/2021\/11\/IMG_20211029_152742-768x432.jpg 768w, https:\/\/agora.xtec.cat\/ceip-arnau-berenguer\/wp-content\/uploads\/usu1536\/2021\/11\/IMG_20211029_152742-1536x864.jpg 1536w, https:\/\/agora.xtec.cat\/ceip-arnau-berenguer\/wp-content\/uploads\/usu1536\/2021\/11\/IMG_20211029_152742-2048x1152.jpg 2048w\" sizes=\"auto, (max-width: 1024px) 100vw, 1024px\" \/><\/a><\/p>\n<p>&nbsp;<\/p>\n","protected":false},"excerpt":{"rendered":"<p>ED. INFANTIL Enguany tots els nens i nenes de P3, P4 i P5 vam comen\u00e7ar el dia de la Castanyada ballant unes danses de tardor al pati de l\u2019escola. \u00a0Tots vam aplaudir de valent perqu\u00e8 els va sortir molt b\u00e9! Despr\u00e9s d\u2019esmorzar, vam pujar a l\u2019autocar que ens portaria a l\u2019estany d\u2019Ivars Vila-sana, on compartir\u00edem [&hellip;]<\/p>\n","protected":false},"author":1,"featured_media":2038,"comment_status":"closed","ping_status":"closed","sticky":false,"template":"","format":"standard","meta":{"_bbp_topic_count":0,"_bbp_reply_count":0,"_bbp_total_topic_count":0,"_bbp_total_reply_count":0,"_bbp_voice_count":0,"_bbp_anonymous_reply_count":0,"_bbp_topic_count_hidden":0,"_bbp_reply_count_hidden":0,"_bbp_forum_subforum_count":0,"site-sidebar-layout":"default","site-content-layout":"","ast-site-content-layout":"","site-content-style":"default","site-sidebar-style":"default","ast-global-header-display":"","ast-banner-title-visibility":"","ast-main-header-display":"","ast-hfb-above-header-display":"","ast-hfb-below-header-display":"","ast-hfb-mobile-header-display":"","site-post-title":"","ast-breadcrumbs-content":"","ast-featured-img":"","footer-sml-layout":"","theme-transparent-header-meta":"","adv-header-id-meta":"","stick-header-meta":"","header-above-stick-meta":"","header-main-stick-meta":"","header-below-stick-meta":"","astra-migrate-meta-layouts":"default","ast-page-background-enabled":"default","ast-page-background-meta":{"desktop":{"background-color":"var(--ast-global-color-4)","background-image":"","background-repeat":"repeat","background-position":"center center","background-size":"auto","background-attachment":"scroll","background-type":"","background-media":"","overlay-type":"","overlay-color":"","overlay-opacity":"","overlay-gradient":""},"tablet":{"background-color":"","background-image":"","background-repeat":"repeat","background-position":"center center","background-size":"auto","background-attachment":"scroll","background-type":"","background-media":"","overlay-type":"","overlay-color":"","overlay-opacity":"","overlay-gradient":""},"mobile":{"background-color":"","background-image":"","background-repeat":"repeat","background-position":"center center","background-size":"auto","background-attachment":"scroll","background-type":"","background-media":"","overlay-type":"","overlay-color":"","overlay-opacity":"","overlay-gradient":""}},"ast-content-background-meta":{"desktop":{"background-color":"var(--ast-global-color-5)","background-image":"","background-repeat":"repeat","background-position":"center center","background-size":"auto","background-attachment":"scroll","background-type":"","background-media":"","overlay-type":"","overlay-color":"","overlay-opacity":"","overlay-gradient":""},"tablet":{"background-color":"var(--ast-global-color-5)","background-image":"","background-repeat":"repeat","background-position":"center center","background-size":"auto","background-attachment":"scroll","background-type":"","background-media":"","overlay-type":"","overlay-color":"","overlay-opacity":"","overlay-gradient":""},"mobile":{"background-color":"var(--ast-global-color-5)","background-image":"","background-repeat":"repeat","background-position":"center center","background-size":"auto","background-attachment":"scroll","background-type":"","background-media":"","overlay-type":"","overlay-color":"","overlay-opacity":"","overlay-gradient":""}},"footnotes":""},"categories":[7,11,12,13,63,62,4,5],"tags":[],"class_list":["post-2037","post","type-post","status-publish","format-standard","has-post-thumbnail","hentry","category-ampa","category-cicle-inicial-primaria","category-cicle-mitja","category-cicle-superior","category-escola-verda","category-festes-escola","category-portada","category-primaria"],"post_mailing_queue_ids":[],"_links":{"self":[{"href":"https:\/\/agora.xtec.cat\/ceip-arnau-berenguer\/wp-json\/wp\/v2\/posts\/2037","targetHints":{"allow":["GET"]}}],"collection":[{"href":"https:\/\/agora.xtec.cat\/ceip-arnau-berenguer\/wp-json\/wp\/v2\/posts"}],"about":[{"href":"https:\/\/agora.xtec.cat\/ceip-arnau-berenguer\/wp-json\/wp\/v2\/types\/post"}],"author":[{"embeddable":true,"href":"https:\/\/agora.xtec.cat\/ceip-arnau-berenguer\/wp-json\/wp\/v2\/users\/1"}],"replies":[{"embeddable":true,"href":"https:\/\/agora.xtec.cat\/ceip-arnau-berenguer\/wp-json\/wp\/v2\/comments?post=2037"}],"version-history":[{"count":1,"href":"https:\/\/agora.xtec.cat\/ceip-arnau-berenguer\/wp-json\/wp\/v2\/posts\/2037\/revisions"}],"predecessor-version":[{"id":2042,"href":"https:\/\/agora.xtec.cat\/ceip-arnau-berenguer\/wp-json\/wp\/v2\/posts\/2037\/revisions\/2042"}],"wp:featuredmedia":[{"embeddable":true,"href":"https:\/\/agora.xtec.cat\/ceip-arnau-berenguer\/wp-json\/wp\/v2\/media\/2038"}],"wp:attachment":[{"href":"https:\/\/agora.xtec.cat\/ceip-arnau-berenguer\/wp-json\/wp\/v2\/media?parent=2037"}],"wp:term":[{"taxonomy":"category","embeddable":true,"href":"https:\/\/agora.xtec.cat\/ceip-arnau-berenguer\/wp-json\/wp\/v2\/categories?post=2037"},{"taxonomy":"post_tag","embeddable":true,"href":"https:\/\/agora.xtec.cat\/ceip-arnau-berenguer\/wp-json\/wp\/v2\/tags?post=2037"}],"curies":[{"name":"wp","href":"https:\/\/api.w.org\/{rel}","templated":true}]}}