{"id":12956,"date":"2026-03-18T11:42:00","date_gmt":"2026-03-18T10:42:00","guid":{"rendered":"https:\/\/agora.xtec.cat\/ceip-antonigaudi-cornella\/?p=12956"},"modified":"2026-03-17T11:55:35","modified_gmt":"2026-03-17T10:55:35","slug":"%f0%9f%8e%a8-aprendre-fent-els-tallers-de-tercer-cicle","status":"publish","type":"post","link":"https:\/\/agora.xtec.cat\/ceip-antonigaudi-cornella\/general\/%f0%9f%8e%a8-aprendre-fent-els-tallers-de-tercer-cicle\/","title":{"rendered":"\ud83c\udfa8 Aprendre fent: els tallers de tercer cicle."},"content":{"rendered":"<p>Els infants de 5\u00e8 i 6\u00e8 gaudeixen els dimecres a la tarda d&#8217;uns tallers molt especials. El seu aprenentatge \u00e9s m\u00e9s vivencial i comparteixen moments amb alumnes d&#8217;altres grups. Tot una gran experi\u00e8ncia!!<\/p>\n<p><a href=\"https:\/\/agora.xtec.cat\/ceip-antonigaudi-cornella\/wp-content\/uploads\/usu1240\/2026\/03\/WhatsApp-Image-2026-03-12-at-19.40.17.jpeg\"><img loading=\"lazy\" decoding=\"async\" class=\"alignnone size-large wp-image-12957\" src=\"https:\/\/agora.xtec.cat\/ceip-antonigaudi-cornella\/wp-content\/uploads\/usu1240\/2026\/03\/WhatsApp-Image-2026-03-12-at-19.40.17-819x1024.jpeg\" alt=\"\" width=\"819\" height=\"1024\" srcset=\"https:\/\/agora.xtec.cat\/ceip-antonigaudi-cornella\/wp-content\/uploads\/usu1240\/2026\/03\/WhatsApp-Image-2026-03-12-at-19.40.17-819x1024.jpeg 819w, https:\/\/agora.xtec.cat\/ceip-antonigaudi-cornella\/wp-content\/uploads\/usu1240\/2026\/03\/WhatsApp-Image-2026-03-12-at-19.40.17-240x300.jpeg 240w, https:\/\/agora.xtec.cat\/ceip-antonigaudi-cornella\/wp-content\/uploads\/usu1240\/2026\/03\/WhatsApp-Image-2026-03-12-at-19.40.17-768x960.jpeg 768w, https:\/\/agora.xtec.cat\/ceip-antonigaudi-cornella\/wp-content\/uploads\/usu1240\/2026\/03\/WhatsApp-Image-2026-03-12-at-19.40.17.jpeg 1080w\" sizes=\"auto, (max-width: 819px) 100vw, 819px\" \/><\/a><\/p>\n<p>#Tallers #AprenentatgeVivencial #TreballEnEquip #AprendreFent #Educaci\u00f3Prim\u00e0ria #5\u00e8i6\u00e8 #Aprendrejunts #Experi\u00e8nciesQueEduquen<\/p>\n","protected":false},"excerpt":{"rendered":"<p>Els infants de 5\u00e8 i 6\u00e8 gaudeixen els dimecres a la tarda d&#8217;uns tallers molt especials. El seu aprenentatge \u00e9s m\u00e9s vivencial i comparteixen moments amb alumnes d&#8217;altres grups. Tot una gran experi\u00e8ncia!!<br \/>\n<a href=\"https:\/\/agora.xtec.cat\/ceip-antonigaudi-cornella\/wp-content\/uploads\/usu1240\/2026\/03\/WhatsApp-Image-2026-03-12-at-19.40.17.jpeg\"><\/a><br \/>\n#Tallers #AprenentatgeVivencial #TreballEnEquip #AprendreFent #Educaci\u00f3Prim\u00e0ria #5\u00e8i6\u00e8 #Aprendrejunts #Experi\u00e8nciesQueEduquen<\/p>\n","protected":false},"author":48,"featured_media":12957,"comment_status":"open","ping_status":"open","sticky":false,"template":"","format":"standard","meta":{"_bbp_topic_count":0,"_bbp_reply_count":0,"_bbp_total_topic_count":0,"_bbp_total_reply_count":0,"_bbp_voice_count":0,"_bbp_anonymous_reply_count":0,"_bbp_topic_count_hidden":0,"_bbp_reply_count_hidden":0,"_bbp_forum_subforum_count":0,"footnotes":""},"categories":[1,4],"tags":[],"class_list":["post-12956","post","type-post","status-publish","format-standard","has-post-thumbnail","hentry","category-general","category-portada"],"post_mailing_queue_ids":[],"_links":{"self":[{"href":"https:\/\/agora.xtec.cat\/ceip-antonigaudi-cornella\/wp-json\/wp\/v2\/posts\/12956","targetHints":{"allow":["GET"]}}],"collection":[{"href":"https:\/\/agora.xtec.cat\/ceip-antonigaudi-cornella\/wp-json\/wp\/v2\/posts"}],"about":[{"href":"https:\/\/agora.xtec.cat\/ceip-antonigaudi-cornella\/wp-json\/wp\/v2\/types\/post"}],"author":[{"embeddable":true,"href":"https:\/\/agora.xtec.cat\/ceip-antonigaudi-cornella\/wp-json\/wp\/v2\/users\/48"}],"replies":[{"embeddable":true,"href":"https:\/\/agora.xtec.cat\/ceip-antonigaudi-cornella\/wp-json\/wp\/v2\/comments?post=12956"}],"version-history":[{"count":2,"href":"https:\/\/agora.xtec.cat\/ceip-antonigaudi-cornella\/wp-json\/wp\/v2\/posts\/12956\/revisions"}],"predecessor-version":[{"id":12959,"href":"https:\/\/agora.xtec.cat\/ceip-antonigaudi-cornella\/wp-json\/wp\/v2\/posts\/12956\/revisions\/12959"}],"wp:featuredmedia":[{"embeddable":true,"href":"https:\/\/agora.xtec.cat\/ceip-antonigaudi-cornella\/wp-json\/wp\/v2\/media\/12957"}],"wp:attachment":[{"href":"https:\/\/agora.xtec.cat\/ceip-antonigaudi-cornella\/wp-json\/wp\/v2\/media?parent=12956"}],"wp:term":[{"taxonomy":"category","embeddable":true,"href":"https:\/\/agora.xtec.cat\/ceip-antonigaudi-cornella\/wp-json\/wp\/v2\/categories?post=12956"},{"taxonomy":"post_tag","embeddable":true,"href":"https:\/\/agora.xtec.cat\/ceip-antonigaudi-cornella\/wp-json\/wp\/v2\/tags?post=12956"}],"curies":[{"name":"wp","href":"https:\/\/api.w.org\/{rel}","templated":true}]}}