{"id":12940,"date":"2026-03-10T11:49:01","date_gmt":"2026-03-10T10:49:01","guid":{"rendered":"https:\/\/agora.xtec.cat\/ceip-antonigaudi-cornella\/?p=12940"},"modified":"2026-03-10T11:49:01","modified_gmt":"2026-03-10T10:49:01","slug":"les-cames-de-la-vella-quaresma","status":"publish","type":"post","link":"https:\/\/agora.xtec.cat\/ceip-antonigaudi-cornella\/general\/les-cames-de-la-vella-quaresma\/","title":{"rendered":"LES CAMES DE LA VELLA QUARESMA"},"content":{"rendered":"<p style=\"text-align: justify;\">A\u00a0l\u2019escola hem comen\u00e7at una de les tradicions m\u00e9s esperades:\u00a0<strong>treure una cama a la Vella Quaresma<\/strong>!\u00a0<img loading=\"lazy\" decoding=\"async\" class=\"an1\" draggable=\"false\" src=\"https:\/\/fonts.gstatic.com\/s\/e\/notoemoji\/17.0\/2702_fe0f\/72.png\" alt=\"\u2702\ufe0f\" width=\"27\" height=\"27\" data-emoji=\"\u2702\ufe0f\" aria-label=\"\u2702\ufe0f\" \/><img loading=\"lazy\" decoding=\"async\" class=\"an1\" draggable=\"false\" src=\"https:\/\/fonts.gstatic.com\/s\/e\/notoemoji\/17.0\/1f9b5\/72.png\" alt=\"\ud83e\uddb5\" width=\"27\" height=\"27\" data-emoji=\"\ud83e\uddb5\" aria-label=\"\ud83e\uddb5\" \/>Setmanes plenes de petits reptes, bons gestos i moments per cr\u00e9ixer junts. Cada cama que traiem ens recorda que la Pasqua \u00e9s cada vegada m\u00e9s a prop\u2026 i que amb petites accions podem fer grans coses.\u00a0Els nens i nenes s\u2019ho han passat d\u2019all\u00f2 m\u00e9s b\u00e9 participant en aquesta tradici\u00f3 tan especial! <img loading=\"lazy\" decoding=\"async\" class=\"an1\" draggable=\"false\" src=\"https:\/\/fonts.gstatic.com\/s\/e\/notoemoji\/17.0\/1f331\/72.png\" alt=\"\ud83c\udf31\" width=\"24\" height=\"24\" data-emoji=\"\ud83c\udf31\" aria-label=\"\ud83c\udf31\" \/><\/p>\n<p><a href=\"https:\/\/agora.xtec.cat\/ceip-antonigaudi-cornella\/wp-content\/uploads\/usu1240\/2026\/03\/Post-de-Instagram-Collage-Scrapbook-Verde.png\"><img loading=\"lazy\" decoding=\"async\" class=\"wp-image-12941 aligncenter\" src=\"https:\/\/agora.xtec.cat\/ceip-antonigaudi-cornella\/wp-content\/uploads\/usu1240\/2026\/03\/Post-de-Instagram-Collage-Scrapbook-Verde-819x1024.png\" alt=\"\" width=\"635\" height=\"794\" srcset=\"https:\/\/agora.xtec.cat\/ceip-antonigaudi-cornella\/wp-content\/uploads\/usu1240\/2026\/03\/Post-de-Instagram-Collage-Scrapbook-Verde-819x1024.png 819w, https:\/\/agora.xtec.cat\/ceip-antonigaudi-cornella\/wp-content\/uploads\/usu1240\/2026\/03\/Post-de-Instagram-Collage-Scrapbook-Verde-240x300.png 240w, https:\/\/agora.xtec.cat\/ceip-antonigaudi-cornella\/wp-content\/uploads\/usu1240\/2026\/03\/Post-de-Instagram-Collage-Scrapbook-Verde-768x960.png 768w, https:\/\/agora.xtec.cat\/ceip-antonigaudi-cornella\/wp-content\/uploads\/usu1240\/2026\/03\/Post-de-Instagram-Collage-Scrapbook-Verde.png 1080w\" sizes=\"auto, (max-width: 635px) 100vw, 635px\" \/><\/a><\/p>\n","protected":false},"excerpt":{"rendered":"<p>A\u00a0l\u2019escola hem comen\u00e7at una de les tradicions m\u00e9s esperades:\u00a0treure una cama a la Vella Quaresma!\u00a0Setmanes plenes de petits reptes, bons gestos i moments per cr\u00e9ixer junts. Cada cama que traiem ens recorda que la Pasqua \u00e9s cada vegada m\u00e9s a prop\u2026 i que amb petites&hellip;  <a href=\"https:\/\/agora.xtec.cat\/ceip-antonigaudi-cornella\/general\/les-cames-de-la-vella-quaresma\/\" title=\"Read LES CAMES DE LA VELLA QUARESMA\">Llegeix m\u00e9s\u00bb<\/a><\/p>\n","protected":false},"author":45,"featured_media":0,"comment_status":"open","ping_status":"open","sticky":false,"template":"","format":"standard","meta":{"_bbp_topic_count":0,"_bbp_reply_count":0,"_bbp_total_topic_count":0,"_bbp_total_reply_count":0,"_bbp_voice_count":0,"_bbp_anonymous_reply_count":0,"_bbp_topic_count_hidden":0,"_bbp_reply_count_hidden":0,"_bbp_forum_subforum_count":0,"footnotes":""},"categories":[1,4,5],"tags":[],"class_list":["post-12940","post","type-post","status-publish","format-standard","hentry","category-general","category-portada","category-primaria"],"post_mailing_queue_ids":[],"_links":{"self":[{"href":"https:\/\/agora.xtec.cat\/ceip-antonigaudi-cornella\/wp-json\/wp\/v2\/posts\/12940","targetHints":{"allow":["GET"]}}],"collection":[{"href":"https:\/\/agora.xtec.cat\/ceip-antonigaudi-cornella\/wp-json\/wp\/v2\/posts"}],"about":[{"href":"https:\/\/agora.xtec.cat\/ceip-antonigaudi-cornella\/wp-json\/wp\/v2\/types\/post"}],"author":[{"embeddable":true,"href":"https:\/\/agora.xtec.cat\/ceip-antonigaudi-cornella\/wp-json\/wp\/v2\/users\/45"}],"replies":[{"embeddable":true,"href":"https:\/\/agora.xtec.cat\/ceip-antonigaudi-cornella\/wp-json\/wp\/v2\/comments?post=12940"}],"version-history":[{"count":1,"href":"https:\/\/agora.xtec.cat\/ceip-antonigaudi-cornella\/wp-json\/wp\/v2\/posts\/12940\/revisions"}],"predecessor-version":[{"id":12942,"href":"https:\/\/agora.xtec.cat\/ceip-antonigaudi-cornella\/wp-json\/wp\/v2\/posts\/12940\/revisions\/12942"}],"wp:attachment":[{"href":"https:\/\/agora.xtec.cat\/ceip-antonigaudi-cornella\/wp-json\/wp\/v2\/media?parent=12940"}],"wp:term":[{"taxonomy":"category","embeddable":true,"href":"https:\/\/agora.xtec.cat\/ceip-antonigaudi-cornella\/wp-json\/wp\/v2\/categories?post=12940"},{"taxonomy":"post_tag","embeddable":true,"href":"https:\/\/agora.xtec.cat\/ceip-antonigaudi-cornella\/wp-json\/wp\/v2\/tags?post=12940"}],"curies":[{"name":"wp","href":"https:\/\/api.w.org\/{rel}","templated":true}]}}