{"id":12935,"date":"2026-03-12T15:16:11","date_gmt":"2026-03-12T14:16:11","guid":{"rendered":"https:\/\/agora.xtec.cat\/ceip-antonigaudi-cornella\/?p=12935"},"modified":"2026-03-09T15:26:10","modified_gmt":"2026-03-09T14:26:10","slug":"taller-dart-plantillisme-i-graffiti-%f0%9f%8e%a8%e2%9c%a8","status":"publish","type":"post","link":"https:\/\/agora.xtec.cat\/ceip-antonigaudi-cornella\/general\/taller-dart-plantillisme-i-graffiti-%f0%9f%8e%a8%e2%9c%a8\/","title":{"rendered":"Taller d&#8217;art: plantillisme i graffiti \ud83c\udfa8\u2728"},"content":{"rendered":"<p data-start=\"27\" data-end=\"138\">Ja fa unes setmanes que hem comen\u00e7at els tallers i els alumnes s\u2019hi han posat amb moltes ganes i creativitat.<\/p>\n<p data-start=\"140\" data-end=\"467\">Des del taller d\u2019art del tercer cicle, estem descobrint el m\u00f3n del stencil, aprenent a crear les nostres pr\u00f2pies plantilles i aplicant-les amb la t\u00e8cnica del graffiti. \ud83d\udd8c\ufe0f\ud83e\udde9 Primer dissenyem els dibuixos, despr\u00e9s preparem les plantilles amb molta cura i, finalment, les utilitzem per estampar les nostres creacions.<\/p>\n<p data-start=\"469\" data-end=\"671\">A m\u00e9s de treballar la creativitat, tamb\u00e9 estem aprenent a planificar el proc\u00e9s art\u00edstic, tenir paci\u00e8ncia i cuidar els detalls. El resultat s\u00f3n obres plenes de color, personalitat i estil propi! \ud83c\udf08\ud83c\udfad<\/p>\n<p data-start=\"673\" data-end=\"828\" data-is-last-node=\"\" data-is-only-node=\"\">Ens ho estem passant molt b\u00e9 experimentant amb aquesta t\u00e8cnica d\u2019art urb\u00e0 i ben aviat podrem compartir amb vosaltres algunes de les nostres creacions! \ud83d\ude80\ud83c\udfa8<\/p>\n<p data-start=\"673\" data-end=\"828\" data-is-last-node=\"\" data-is-only-node=\"\"><a href=\"https:\/\/agora.xtec.cat\/ceip-antonigaudi-cornella\/wp-content\/uploads\/usu1240\/2026\/03\/2.jpg\"><img loading=\"lazy\" decoding=\"async\" class=\"alignnone size-large wp-image-12938\" src=\"https:\/\/agora.xtec.cat\/ceip-antonigaudi-cornella\/wp-content\/uploads\/usu1240\/2026\/03\/2-682x1024.jpg\" alt=\"\" width=\"682\" height=\"1024\" srcset=\"https:\/\/agora.xtec.cat\/ceip-antonigaudi-cornella\/wp-content\/uploads\/usu1240\/2026\/03\/2-682x1024.jpg 682w, https:\/\/agora.xtec.cat\/ceip-antonigaudi-cornella\/wp-content\/uploads\/usu1240\/2026\/03\/2-200x300.jpg 200w, https:\/\/agora.xtec.cat\/ceip-antonigaudi-cornella\/wp-content\/uploads\/usu1240\/2026\/03\/2-768x1152.jpg 768w, https:\/\/agora.xtec.cat\/ceip-antonigaudi-cornella\/wp-content\/uploads\/usu1240\/2026\/03\/2-1024x1536.jpg 1024w, https:\/\/agora.xtec.cat\/ceip-antonigaudi-cornella\/wp-content\/uploads\/usu1240\/2026\/03\/2.jpg 1333w\" sizes=\"auto, (max-width: 682px) 100vw, 682px\" \/><\/a><\/p>\n<p data-start=\"673\" data-end=\"828\" data-is-last-node=\"\" data-is-only-node=\"\">\n<p data-start=\"673\" data-end=\"828\" data-is-last-node=\"\" data-is-only-node=\"\"><a href=\"https:\/\/agora.xtec.cat\/ceip-antonigaudi-cornella\/wp-content\/uploads\/usu1240\/2026\/03\/1.jpg\"><img loading=\"lazy\" decoding=\"async\" class=\"alignnone size-large wp-image-12937\" src=\"https:\/\/agora.xtec.cat\/ceip-antonigaudi-cornella\/wp-content\/uploads\/usu1240\/2026\/03\/1-682x1024.jpg\" alt=\"\" width=\"682\" height=\"1024\" srcset=\"https:\/\/agora.xtec.cat\/ceip-antonigaudi-cornella\/wp-content\/uploads\/usu1240\/2026\/03\/1-682x1024.jpg 682w, https:\/\/agora.xtec.cat\/ceip-antonigaudi-cornella\/wp-content\/uploads\/usu1240\/2026\/03\/1-200x300.jpg 200w, https:\/\/agora.xtec.cat\/ceip-antonigaudi-cornella\/wp-content\/uploads\/usu1240\/2026\/03\/1-768x1152.jpg 768w, https:\/\/agora.xtec.cat\/ceip-antonigaudi-cornella\/wp-content\/uploads\/usu1240\/2026\/03\/1-1024x1536.jpg 1024w, https:\/\/agora.xtec.cat\/ceip-antonigaudi-cornella\/wp-content\/uploads\/usu1240\/2026\/03\/1.jpg 1333w\" sizes=\"auto, (max-width: 682px) 100vw, 682px\" \/><\/a><\/p>\n<p data-start=\"673\" data-end=\"828\" data-is-last-node=\"\" data-is-only-node=\"\">#stencil #art #intercicle #graffiti #arturb\u00e0 #colorfull #tercercicle<\/p>\n","protected":false},"excerpt":{"rendered":"<p>Ja fa unes setmanes que hem comen\u00e7at els tallers i els alumnes s\u2019hi han posat amb moltes ganes i creativitat.<br \/>\nDes del taller d\u2019art del tercer cicle, estem descobrint el m\u00f3n del stencil, aprenent a crear les nostres pr\u00f2pies plantilles i aplicant-les amb la t\u00e8cnica del&hellip;  <a href=\"https:\/\/agora.xtec.cat\/ceip-antonigaudi-cornella\/general\/taller-dart-plantillisme-i-graffiti-%f0%9f%8e%a8%e2%9c%a8\/\" title=\"Read Taller d&#8217;art: plantillisme i graffiti \ud83c\udfa8\u2728\">Llegeix m\u00e9s\u00bb<\/a><\/p>\n","protected":false},"author":48,"featured_media":12936,"comment_status":"open","ping_status":"open","sticky":false,"template":"","format":"standard","meta":{"_bbp_topic_count":0,"_bbp_reply_count":0,"_bbp_total_topic_count":0,"_bbp_total_reply_count":0,"_bbp_voice_count":0,"_bbp_anonymous_reply_count":0,"_bbp_topic_count_hidden":0,"_bbp_reply_count_hidden":0,"_bbp_forum_subforum_count":0,"footnotes":""},"categories":[1221,15,997,1,4,5],"tags":[],"class_list":["post-12935","post","type-post","status-publish","format-standard","has-post-thumbnail","hentry","category-5a","category-6ea","category-6eb","category-general","category-portada","category-primaria"],"post_mailing_queue_ids":[],"_links":{"self":[{"href":"https:\/\/agora.xtec.cat\/ceip-antonigaudi-cornella\/wp-json\/wp\/v2\/posts\/12935","targetHints":{"allow":["GET"]}}],"collection":[{"href":"https:\/\/agora.xtec.cat\/ceip-antonigaudi-cornella\/wp-json\/wp\/v2\/posts"}],"about":[{"href":"https:\/\/agora.xtec.cat\/ceip-antonigaudi-cornella\/wp-json\/wp\/v2\/types\/post"}],"author":[{"embeddable":true,"href":"https:\/\/agora.xtec.cat\/ceip-antonigaudi-cornella\/wp-json\/wp\/v2\/users\/48"}],"replies":[{"embeddable":true,"href":"https:\/\/agora.xtec.cat\/ceip-antonigaudi-cornella\/wp-json\/wp\/v2\/comments?post=12935"}],"version-history":[{"count":1,"href":"https:\/\/agora.xtec.cat\/ceip-antonigaudi-cornella\/wp-json\/wp\/v2\/posts\/12935\/revisions"}],"predecessor-version":[{"id":12939,"href":"https:\/\/agora.xtec.cat\/ceip-antonigaudi-cornella\/wp-json\/wp\/v2\/posts\/12935\/revisions\/12939"}],"wp:featuredmedia":[{"embeddable":true,"href":"https:\/\/agora.xtec.cat\/ceip-antonigaudi-cornella\/wp-json\/wp\/v2\/media\/12936"}],"wp:attachment":[{"href":"https:\/\/agora.xtec.cat\/ceip-antonigaudi-cornella\/wp-json\/wp\/v2\/media?parent=12935"}],"wp:term":[{"taxonomy":"category","embeddable":true,"href":"https:\/\/agora.xtec.cat\/ceip-antonigaudi-cornella\/wp-json\/wp\/v2\/categories?post=12935"},{"taxonomy":"post_tag","embeddable":true,"href":"https:\/\/agora.xtec.cat\/ceip-antonigaudi-cornella\/wp-json\/wp\/v2\/tags?post=12935"}],"curies":[{"name":"wp","href":"https:\/\/api.w.org\/{rel}","templated":true}]}}