{"id":12916,"date":"2026-03-05T10:57:29","date_gmt":"2026-03-05T09:57:29","guid":{"rendered":"https:\/\/agora.xtec.cat\/ceip-antonigaudi-cornella\/?p=12916"},"modified":"2026-03-03T10:59:38","modified_gmt":"2026-03-03T09:59:38","slug":"fillols-i-padrins-i3-5e","status":"publish","type":"post","link":"https:\/\/agora.xtec.cat\/ceip-antonigaudi-cornella\/general\/fillols-i-padrins-i3-5e\/","title":{"rendered":"Fillols i Padrins ( I3 &#8211; 5\u00e8)"},"content":{"rendered":"<p>A la nostra escola fomentem la lectura i els vincles entre alumnes amb una<br \/>\nactivitat molt especial: el projecte de padrins de lectura. Cada dues setmanes,<br \/>\nels nens i nenes de cinqu\u00e8 de prim\u00e0ria visiten la classe d\u2019I3 per compartir una<br \/>\nestona amb els seus fillols i filloles. Durant aquesta trobada, els grans els<br \/>\nllegeixen contes amb molta il\u00b7lusi\u00f3, els mostren les imatges i els ajuden a<br \/>\ndescobrir els personatges i les hist\u00f2ries.<br \/>\nAquesta experi\u00e8ncia no nom\u00e9s desperta el gust per la lectura en els m\u00e9s petits,<br \/>\nsin\u00f3 que tamb\u00e9 refor\u00e7a la responsabilitat i l\u2019empatia dels alumnes de cinqu\u00e8.<br \/>\nEls infants d\u2019I3 gaudeixen d\u2019un model lector proper i afectu\u00f3s, mentre que els<br \/>\npadrins aprenen a comunicar-se, a tenir paci\u00e8ncia i a acompanyar en<br \/>\nl\u2019aprenentatge.<br \/>\n\u00c9s una activitat plena de complicitat, somriures i moments compartits que<br \/>\nenriqueix tota la comunitat educativa.<\/p>\n<p><a href=\"https:\/\/agora.xtec.cat\/ceip-antonigaudi-cornella\/wp-content\/uploads\/usu1240\/2026\/03\/Collage-de-fotos-infancial-asbtract-verde.jpg\"><img loading=\"lazy\" decoding=\"async\" class=\"alignnone size-large wp-image-12918\" src=\"https:\/\/agora.xtec.cat\/ceip-antonigaudi-cornella\/wp-content\/uploads\/usu1240\/2026\/03\/Collage-de-fotos-infancial-asbtract-verde-1024x819.jpg\" alt=\"\" width=\"1024\" height=\"819\" srcset=\"https:\/\/agora.xtec.cat\/ceip-antonigaudi-cornella\/wp-content\/uploads\/usu1240\/2026\/03\/Collage-de-fotos-infancial-asbtract-verde-1024x819.jpg 1024w, https:\/\/agora.xtec.cat\/ceip-antonigaudi-cornella\/wp-content\/uploads\/usu1240\/2026\/03\/Collage-de-fotos-infancial-asbtract-verde-300x240.jpg 300w, https:\/\/agora.xtec.cat\/ceip-antonigaudi-cornella\/wp-content\/uploads\/usu1240\/2026\/03\/Collage-de-fotos-infancial-asbtract-verde-768x614.jpg 768w, https:\/\/agora.xtec.cat\/ceip-antonigaudi-cornella\/wp-content\/uploads\/usu1240\/2026\/03\/Collage-de-fotos-infancial-asbtract-verde-1536x1229.jpg 1536w, https:\/\/agora.xtec.cat\/ceip-antonigaudi-cornella\/wp-content\/uploads\/usu1240\/2026\/03\/Collage-de-fotos-infancial-asbtract-verde.jpg 2000w\" sizes=\"auto, (max-width: 1024px) 100vw, 1024px\" \/><\/a><\/p>\n","protected":false},"excerpt":{"rendered":"<p>A la nostra escola fomentem la lectura i els vincles entre alumnes amb una<br \/>\nactivitat molt especial: el projecte de padrins de lectura. Cada dues setmanes,<br \/>\nels nens i nenes de cinqu\u00e8 de prim\u00e0ria visiten la classe d\u2019I3 per compartir una<br \/>\nestona amb els seus fillols i filloles.&hellip;  <a href=\"https:\/\/agora.xtec.cat\/ceip-antonigaudi-cornella\/general\/fillols-i-padrins-i3-5e\/\" title=\"Read Fillols i Padrins ( I3 &#8211; 5\u00e8)\">Llegeix m\u00e9s\u00bb<\/a><\/p>\n","protected":false},"author":48,"featured_media":12918,"comment_status":"open","ping_status":"open","sticky":false,"template":"","format":"standard","meta":{"_bbp_topic_count":0,"_bbp_reply_count":0,"_bbp_total_topic_count":0,"_bbp_total_reply_count":0,"_bbp_voice_count":0,"_bbp_anonymous_reply_count":0,"_bbp_topic_count_hidden":0,"_bbp_reply_count_hidden":0,"_bbp_forum_subforum_count":0,"footnotes":""},"categories":[1221,1,1262,4],"tags":[],"class_list":["post-12916","post","type-post","status-publish","format-standard","has-post-thumbnail","hentry","category-5a","category-general","category-i3a","category-portada"],"post_mailing_queue_ids":[],"_links":{"self":[{"href":"https:\/\/agora.xtec.cat\/ceip-antonigaudi-cornella\/wp-json\/wp\/v2\/posts\/12916","targetHints":{"allow":["GET"]}}],"collection":[{"href":"https:\/\/agora.xtec.cat\/ceip-antonigaudi-cornella\/wp-json\/wp\/v2\/posts"}],"about":[{"href":"https:\/\/agora.xtec.cat\/ceip-antonigaudi-cornella\/wp-json\/wp\/v2\/types\/post"}],"author":[{"embeddable":true,"href":"https:\/\/agora.xtec.cat\/ceip-antonigaudi-cornella\/wp-json\/wp\/v2\/users\/48"}],"replies":[{"embeddable":true,"href":"https:\/\/agora.xtec.cat\/ceip-antonigaudi-cornella\/wp-json\/wp\/v2\/comments?post=12916"}],"version-history":[{"count":1,"href":"https:\/\/agora.xtec.cat\/ceip-antonigaudi-cornella\/wp-json\/wp\/v2\/posts\/12916\/revisions"}],"predecessor-version":[{"id":12919,"href":"https:\/\/agora.xtec.cat\/ceip-antonigaudi-cornella\/wp-json\/wp\/v2\/posts\/12916\/revisions\/12919"}],"wp:featuredmedia":[{"embeddable":true,"href":"https:\/\/agora.xtec.cat\/ceip-antonigaudi-cornella\/wp-json\/wp\/v2\/media\/12918"}],"wp:attachment":[{"href":"https:\/\/agora.xtec.cat\/ceip-antonigaudi-cornella\/wp-json\/wp\/v2\/media?parent=12916"}],"wp:term":[{"taxonomy":"category","embeddable":true,"href":"https:\/\/agora.xtec.cat\/ceip-antonigaudi-cornella\/wp-json\/wp\/v2\/categories?post=12916"},{"taxonomy":"post_tag","embeddable":true,"href":"https:\/\/agora.xtec.cat\/ceip-antonigaudi-cornella\/wp-json\/wp\/v2\/tags?post=12916"}],"curies":[{"name":"wp","href":"https:\/\/api.w.org\/{rel}","templated":true}]}}