{"id":8470,"date":"2025-12-12T20:30:56","date_gmt":"2025-12-12T19:30:56","guid":{"rendered":"https:\/\/agora.xtec.cat\/ceip-antoni-gaudi\/?p=8470"},"modified":"2025-12-12T15:51:06","modified_gmt":"2025-12-12T14:51:06","slug":"ja-es-aqui-el-tio-%f0%9f%8c%b2%f0%9f%8e%81","status":"publish","type":"post","link":"https:\/\/agora.xtec.cat\/ceip-antoni-gaudi\/general\/ja-es-aqui-el-tio-%f0%9f%8c%b2%f0%9f%8e%81\/","title":{"rendered":"Ja \u00e9s aqu\u00ed el Ti\u00f3! \ud83c\udf32\ud83c\udf81"},"content":{"rendered":"<p data-start=\"208\" data-end=\"396\">Avui ha estat un dia molt <strong><span style=\"color: #800080;\">emocionant!<\/span><\/strong> \ud83e\udd29<br data-start=\"260\" data-end=\"263\" \/>Hem sortit al camp que hi ha just davant de l\u2019escola per buscar el nostre estimat <span style=\"color: #ff0000;\"><strong>Ti\u00f3<\/strong><\/span>\u2026 i l\u2019hem trobat amagat entre les fulles! \ud83c\udf42\ud83d\udc40<\/p>\n<p data-start=\"398\" data-end=\"663\">Els infants l\u2019han rebut amb molta <strong><span style=\"color: #008080;\">il\u00b7lusi\u00f3<\/span><\/strong> i <strong><span style=\"color: #33cccc;\">tendresa<\/span><\/strong>, l\u2019han acariciat, li han parlat fluixet i l\u2019han portat fins al passad\u00eds perqu\u00e8 estigui ben calentonet. \ud83e\udd70\ud83d\udd25<br data-start=\"556\" data-end=\"559\" \/>Ara ja el tenim amb nosaltres, el <strong><span style=\"color: #3366ff;\">cuidarem<\/span> i <span style=\"color: #ff6600;\">l&#8217;alimentarem<\/span><\/strong> per a que el dia de picar arribi ben tip i content! \ud83d\ude09\ud83c\udf84<\/p>\n<p data-start=\"665\" data-end=\"755\">Cada any vivim aquest moment d\u2019una manera <strong><span style=\"color: #f062ca;\">\u00fanica<\/span> i <span style=\"color: #ded33c;\">especial<\/span>.<\/strong> \u2728<\/p>\n<p style=\"text-align: center;\" data-start=\"757\" data-end=\"847\"><em>\u201cLa m\u00e0gia del Nadal no s\u2019esvaeix; viu en els ulls de qui sap mirar amb il\u00b7lusi\u00f3.\u201d \ud83c\udf87<\/em><\/p>\n<p data-start=\"757\" data-end=\"847\"><strong>No us perdeu les nostres \ud83d\udcf7 !!\u00a0<\/strong><\/p>\n<p data-start=\"757\" data-end=\"847\"><a href=\"https:\/\/photos.app.goo.gl\/YVLSvFdpVL88uoSeA\"><img loading=\"lazy\" decoding=\"async\" class=\"wp-image-8478 aligncenter\" src=\"https:\/\/agora.xtec.cat\/ceip-antoni-gaudi\/wp-content\/uploads\/usu683\/2025\/12\/web-modificacio-imatges-11.jpg\" alt=\"\" width=\"262\" height=\"226\" srcset=\"https:\/\/agora.xtec.cat\/ceip-antoni-gaudi\/wp-content\/uploads\/usu683\/2025\/12\/web-modificacio-imatges-11.jpg 1642w, https:\/\/agora.xtec.cat\/ceip-antoni-gaudi\/wp-content\/uploads\/usu683\/2025\/12\/web-modificacio-imatges-11-300x258.jpg 300w, https:\/\/agora.xtec.cat\/ceip-antoni-gaudi\/wp-content\/uploads\/usu683\/2025\/12\/web-modificacio-imatges-11-1024x882.jpg 1024w, https:\/\/agora.xtec.cat\/ceip-antoni-gaudi\/wp-content\/uploads\/usu683\/2025\/12\/web-modificacio-imatges-11-768x661.jpg 768w, https:\/\/agora.xtec.cat\/ceip-antoni-gaudi\/wp-content\/uploads\/usu683\/2025\/12\/web-modificacio-imatges-11-1536x1323.jpg 1536w\" sizes=\"auto, (max-width: 262px) 100vw, 262px\" \/><\/a><\/p>\n","protected":false},"excerpt":{"rendered":"<p>Avui ha estat un dia molt emocionant! \ud83e\udd29Hem sortit al camp que hi ha just davant de l\u2019escola per buscar el nostre estimat Ti\u00f3\u2026 i l\u2019hem trobat amagat entre les fulles! \ud83c\udf42\ud83d\udc40<br \/>\nEls infants l\u2019han rebut amb molta il\u00b7lusi\u00f3 i tendresa, l\u2019han acariciat, li han parlat&hellip;  <a href=\"https:\/\/agora.xtec.cat\/ceip-antoni-gaudi\/general\/ja-es-aqui-el-tio-%f0%9f%8c%b2%f0%9f%8e%81\/\" title=\"Read Ja \u00e9s aqu\u00ed el Ti\u00f3! \ud83c\udf32\ud83c\udf81\">Llegeix m\u00e9s\u00bb<\/a><\/p>\n","protected":false},"author":6,"featured_media":0,"comment_status":"open","ping_status":"open","sticky":false,"template":"","format":"standard","meta":{"_bbp_topic_count":0,"_bbp_reply_count":0,"_bbp_total_topic_count":0,"_bbp_total_reply_count":0,"_bbp_voice_count":0,"_bbp_anonymous_reply_count":0,"_bbp_topic_count_hidden":0,"_bbp_reply_count_hidden":0,"_bbp_forum_subforum_count":0,"footnotes":""},"categories":[1,3,8,9,2,4,229],"tags":[],"class_list":["post-8470","post","type-post","status-publish","format-standard","hentry","category-general","category-i3","category-i4","category-i5","category-infantil","category-portada","category-portada-portada"],"post_mailing_queue_ids":[],"_links":{"self":[{"href":"https:\/\/agora.xtec.cat\/ceip-antoni-gaudi\/wp-json\/wp\/v2\/posts\/8470","targetHints":{"allow":["GET"]}}],"collection":[{"href":"https:\/\/agora.xtec.cat\/ceip-antoni-gaudi\/wp-json\/wp\/v2\/posts"}],"about":[{"href":"https:\/\/agora.xtec.cat\/ceip-antoni-gaudi\/wp-json\/wp\/v2\/types\/post"}],"author":[{"embeddable":true,"href":"https:\/\/agora.xtec.cat\/ceip-antoni-gaudi\/wp-json\/wp\/v2\/users\/6"}],"replies":[{"embeddable":true,"href":"https:\/\/agora.xtec.cat\/ceip-antoni-gaudi\/wp-json\/wp\/v2\/comments?post=8470"}],"version-history":[{"count":4,"href":"https:\/\/agora.xtec.cat\/ceip-antoni-gaudi\/wp-json\/wp\/v2\/posts\/8470\/revisions"}],"predecessor-version":[{"id":8480,"href":"https:\/\/agora.xtec.cat\/ceip-antoni-gaudi\/wp-json\/wp\/v2\/posts\/8470\/revisions\/8480"}],"wp:attachment":[{"href":"https:\/\/agora.xtec.cat\/ceip-antoni-gaudi\/wp-json\/wp\/v2\/media?parent=8470"}],"wp:term":[{"taxonomy":"category","embeddable":true,"href":"https:\/\/agora.xtec.cat\/ceip-antoni-gaudi\/wp-json\/wp\/v2\/categories?post=8470"},{"taxonomy":"post_tag","embeddable":true,"href":"https:\/\/agora.xtec.cat\/ceip-antoni-gaudi\/wp-json\/wp\/v2\/tags?post=8470"}],"curies":[{"name":"wp","href":"https:\/\/api.w.org\/{rel}","templated":true}]}}