{"id":7776,"date":"2024-12-09T12:08:47","date_gmt":"2024-12-09T11:08:47","guid":{"rendered":"https:\/\/agora.xtec.cat\/ceip-antoni-gaudi\/?p=7776"},"modified":"2024-12-09T12:08:47","modified_gmt":"2024-12-09T11:08:47","slug":"a-p2b-aprenem-sobre-el-submarinisme","status":"publish","type":"post","link":"https:\/\/agora.xtec.cat\/ceip-antoni-gaudi\/portada\/a-p2b-aprenem-sobre-el-submarinisme\/","title":{"rendered":"A P2B Aprenem sobre el Submarinisme."},"content":{"rendered":"<p>El passat dilluns ens va visitar la tieta del Iago a explicar-nos una miqueta qu\u00e8 \u00e9s el submarinisme. Vam aprendre quin \u00e9s el material necessari per a la seva pr\u00e0ctica aix\u00ed com el llenguatge de senyes que utilitzen sota l&#8217;aigua per a comunicar-se entre elles\/es.<\/p>\n<p>Us deixem un petit recull fotogr\u00e0fic de la visita.<\/p>\n<p>Moltes gr\u00e0cies N\u00faria!!<\/p>\n<p><a href=\"https:\/\/photos.app.goo.gl\/BPxUq387fWFUxg9v6\" target=\"_blank\" rel=\"noopener\"><img loading=\"lazy\" decoding=\"async\" class=\"aligncenter wp-image-7777 size-medium\" src=\"https:\/\/agora.xtec.cat\/ceip-antoni-gaudi\/wp-content\/uploads\/usu683\/2024\/12\/IMG-20241202-WA0009-300x191.jpg\" alt=\"\" width=\"300\" height=\"191\" srcset=\"https:\/\/agora.xtec.cat\/ceip-antoni-gaudi\/wp-content\/uploads\/usu683\/2024\/12\/IMG-20241202-WA0009-300x191.jpg 300w, https:\/\/agora.xtec.cat\/ceip-antoni-gaudi\/wp-content\/uploads\/usu683\/2024\/12\/IMG-20241202-WA0009-1024x653.jpg 1024w, https:\/\/agora.xtec.cat\/ceip-antoni-gaudi\/wp-content\/uploads\/usu683\/2024\/12\/IMG-20241202-WA0009-768x489.jpg 768w, https:\/\/agora.xtec.cat\/ceip-antoni-gaudi\/wp-content\/uploads\/usu683\/2024\/12\/IMG-20241202-WA0009-1536x979.jpg 1536w, https:\/\/agora.xtec.cat\/ceip-antoni-gaudi\/wp-content\/uploads\/usu683\/2024\/12\/IMG-20241202-WA0009.jpg 2048w\" sizes=\"auto, (max-width: 300px) 100vw, 300px\" \/><\/a><\/p>\n","protected":false},"excerpt":{"rendered":"<p>El passat dilluns ens va visitar la tieta del Iago a explicar-nos una miqueta qu\u00e8 \u00e9s el submarinisme. Vam aprendre quin \u00e9s el material necessari per a la seva pr\u00e0ctica aix\u00ed com el llenguatge de senyes que utilitzen sota l&#8217;aigua per a comunicar-se entre elles\/es.<br \/>\nUs&hellip;  <a href=\"https:\/\/agora.xtec.cat\/ceip-antoni-gaudi\/portada\/a-p2b-aprenem-sobre-el-submarinisme\/\" title=\"Read A P2B Aprenem sobre el Submarinisme.\">Llegeix m\u00e9s\u00bb<\/a><\/p>\n","protected":false},"author":4,"featured_media":0,"comment_status":"open","ping_status":"closed","sticky":false,"template":"","format":"standard","meta":{"_bbp_topic_count":0,"_bbp_reply_count":0,"_bbp_total_topic_count":0,"_bbp_total_reply_count":0,"_bbp_voice_count":0,"_bbp_anonymous_reply_count":0,"_bbp_topic_count_hidden":0,"_bbp_reply_count_hidden":0,"_bbp_forum_subforum_count":0,"footnotes":""},"categories":[11,4,5],"tags":[],"class_list":["post-7776","post","type-post","status-publish","format-standard","hentry","category-p2","category-portada","category-primaria"],"post_mailing_queue_ids":[],"_links":{"self":[{"href":"https:\/\/agora.xtec.cat\/ceip-antoni-gaudi\/wp-json\/wp\/v2\/posts\/7776","targetHints":{"allow":["GET"]}}],"collection":[{"href":"https:\/\/agora.xtec.cat\/ceip-antoni-gaudi\/wp-json\/wp\/v2\/posts"}],"about":[{"href":"https:\/\/agora.xtec.cat\/ceip-antoni-gaudi\/wp-json\/wp\/v2\/types\/post"}],"author":[{"embeddable":true,"href":"https:\/\/agora.xtec.cat\/ceip-antoni-gaudi\/wp-json\/wp\/v2\/users\/4"}],"replies":[{"embeddable":true,"href":"https:\/\/agora.xtec.cat\/ceip-antoni-gaudi\/wp-json\/wp\/v2\/comments?post=7776"}],"version-history":[{"count":1,"href":"https:\/\/agora.xtec.cat\/ceip-antoni-gaudi\/wp-json\/wp\/v2\/posts\/7776\/revisions"}],"predecessor-version":[{"id":7778,"href":"https:\/\/agora.xtec.cat\/ceip-antoni-gaudi\/wp-json\/wp\/v2\/posts\/7776\/revisions\/7778"}],"wp:attachment":[{"href":"https:\/\/agora.xtec.cat\/ceip-antoni-gaudi\/wp-json\/wp\/v2\/media?parent=7776"}],"wp:term":[{"taxonomy":"category","embeddable":true,"href":"https:\/\/agora.xtec.cat\/ceip-antoni-gaudi\/wp-json\/wp\/v2\/categories?post=7776"},{"taxonomy":"post_tag","embeddable":true,"href":"https:\/\/agora.xtec.cat\/ceip-antoni-gaudi\/wp-json\/wp\/v2\/tags?post=7776"}],"curies":[{"name":"wp","href":"https:\/\/api.w.org\/{rel}","templated":true}]}}