{"id":7663,"date":"2024-10-29T13:06:59","date_gmt":"2024-10-29T12:06:59","guid":{"rendered":"https:\/\/agora.xtec.cat\/ceip-antoni-gaudi\/?p=7663"},"modified":"2024-10-29T13:06:59","modified_gmt":"2024-10-29T12:06:59","slug":"comencem-els-padrins-lectors","status":"publish","type":"post","link":"https:\/\/agora.xtec.cat\/ceip-antoni-gaudi\/general\/comencem-els-padrins-lectors\/","title":{"rendered":"COMENCEM ELS PADRINS LECTORS!!"},"content":{"rendered":"<p>Ja fa unes setmanes que hem comen\u00e7at <strong>els padrins lectors<\/strong>. Els nens i nenes de <strong>P6<\/strong> s\u00f3n els padrins i les padrines de l&#8217;alumnat de <strong>P1<\/strong>. Ja sabem qui s\u00f3n els nostres padrins\/es i fillols\/es!!!<\/p>\n<p>Durant aquesta <em>experi\u00e8ncia<\/em> l&#8217;alumnat de sis\u00e8 ha d&#8217;acompanyar i ajudar a l&#8217;alumnat de primer a millorar la seva lectura i a gaudir dels contes i tot el que ens poden aportar.<\/p>\n<p>Tots <strong>els dilluns<\/strong> <strong>a la tarda<\/strong> compartim moments bonics on ens ajudem i aprenem els uns dels altres.<\/p>\n<p><a href=\"https:\/\/photos.app.goo.gl\/ffiGfUMwpxsQ7CwYA\"><img loading=\"lazy\" decoding=\"async\" class=\"aligncenter size-medium wp-image-7664\" src=\"https:\/\/agora.xtec.cat\/ceip-antoni-gaudi\/wp-content\/uploads\/usu683\/2024\/10\/IMG_4358-225x300.jpg\" alt=\"\" width=\"225\" height=\"300\" srcset=\"https:\/\/agora.xtec.cat\/ceip-antoni-gaudi\/wp-content\/uploads\/usu683\/2024\/10\/IMG_4358-225x300.jpg 225w, https:\/\/agora.xtec.cat\/ceip-antoni-gaudi\/wp-content\/uploads\/usu683\/2024\/10\/IMG_4358-768x1024.jpg 768w, https:\/\/agora.xtec.cat\/ceip-antoni-gaudi\/wp-content\/uploads\/usu683\/2024\/10\/IMG_4358-1152x1536.jpg 1152w, https:\/\/agora.xtec.cat\/ceip-antoni-gaudi\/wp-content\/uploads\/usu683\/2024\/10\/IMG_4358-1536x2048.jpg 1536w, https:\/\/agora.xtec.cat\/ceip-antoni-gaudi\/wp-content\/uploads\/usu683\/2024\/10\/IMG_4358-scaled.jpg 1920w\" sizes=\"auto, (max-width: 225px) 100vw, 225px\" \/><\/a><\/p>\n","protected":false},"excerpt":{"rendered":"<p>Ja fa unes setmanes que hem comen\u00e7at els padrins lectors. Els nens i nenes de P6 s\u00f3n els padrins i les padrines de l&#8217;alumnat de P1. Ja sabem qui s\u00f3n els nostres padrins\/es i fillols\/es!!!<br \/>\nDurant aquesta experi\u00e8ncia l&#8217;alumnat de sis\u00e8 ha d&#8217;acompanyar i ajudar a&hellip;  <a href=\"https:\/\/agora.xtec.cat\/ceip-antoni-gaudi\/general\/comencem-els-padrins-lectors\/\" title=\"Read COMENCEM ELS PADRINS LECTORS!!\">Llegeix m\u00e9s\u00bb<\/a><\/p>\n","protected":false},"author":4,"featured_media":0,"comment_status":"open","ping_status":"closed","sticky":false,"template":"","format":"standard","meta":{"_bbp_topic_count":0,"_bbp_reply_count":0,"_bbp_total_topic_count":0,"_bbp_total_reply_count":0,"_bbp_voice_count":0,"_bbp_anonymous_reply_count":0,"_bbp_topic_count_hidden":0,"_bbp_reply_count_hidden":0,"_bbp_forum_subforum_count":0,"footnotes":""},"categories":[1,10,15,4,229,5],"tags":[],"class_list":["post-7663","post","type-post","status-publish","format-standard","hentry","category-general","category-p1","category-p6","category-portada","category-portada-portada","category-primaria"],"post_mailing_queue_ids":[],"_links":{"self":[{"href":"https:\/\/agora.xtec.cat\/ceip-antoni-gaudi\/wp-json\/wp\/v2\/posts\/7663","targetHints":{"allow":["GET"]}}],"collection":[{"href":"https:\/\/agora.xtec.cat\/ceip-antoni-gaudi\/wp-json\/wp\/v2\/posts"}],"about":[{"href":"https:\/\/agora.xtec.cat\/ceip-antoni-gaudi\/wp-json\/wp\/v2\/types\/post"}],"author":[{"embeddable":true,"href":"https:\/\/agora.xtec.cat\/ceip-antoni-gaudi\/wp-json\/wp\/v2\/users\/4"}],"replies":[{"embeddable":true,"href":"https:\/\/agora.xtec.cat\/ceip-antoni-gaudi\/wp-json\/wp\/v2\/comments?post=7663"}],"version-history":[{"count":2,"href":"https:\/\/agora.xtec.cat\/ceip-antoni-gaudi\/wp-json\/wp\/v2\/posts\/7663\/revisions"}],"predecessor-version":[{"id":7666,"href":"https:\/\/agora.xtec.cat\/ceip-antoni-gaudi\/wp-json\/wp\/v2\/posts\/7663\/revisions\/7666"}],"wp:attachment":[{"href":"https:\/\/agora.xtec.cat\/ceip-antoni-gaudi\/wp-json\/wp\/v2\/media?parent=7663"}],"wp:term":[{"taxonomy":"category","embeddable":true,"href":"https:\/\/agora.xtec.cat\/ceip-antoni-gaudi\/wp-json\/wp\/v2\/categories?post=7663"},{"taxonomy":"post_tag","embeddable":true,"href":"https:\/\/agora.xtec.cat\/ceip-antoni-gaudi\/wp-json\/wp\/v2\/tags?post=7663"}],"curies":[{"name":"wp","href":"https:\/\/api.w.org\/{rel}","templated":true}]}}