{"id":7604,"date":"2024-10-15T15:19:40","date_gmt":"2024-10-15T13:19:40","guid":{"rendered":"https:\/\/agora.xtec.cat\/ceip-antoni-gaudi\/?p=7604"},"modified":"2024-10-15T15:19:40","modified_gmt":"2024-10-15T13:19:40","slug":"p1-anem-a-la-biblioteca","status":"publish","type":"post","link":"https:\/\/agora.xtec.cat\/ceip-antoni-gaudi\/general\/p1-anem-a-la-biblioteca\/","title":{"rendered":"P1 ANEM A LA BIBLIOTECA!"},"content":{"rendered":"<p>Els i les alumnes de primer anem a la<strong> biblioteca de l&#8217;escola<\/strong> un cop per setmana. Aprofitem la mitja hora de lectura dels dimarts per anar a la biblioteca i poder llegir els llibres que tenim all\u00e0. Tenim una <strong>gran varietat de contes i llibres<\/strong> que ens agraden molt!<\/p>\n<p>Tamb\u00e9 aprofitem per con\u00e8ixer i aplicar les normes de la biblioteca: llegir en silenci, anar a poc a poc, sense c\u00f3rrer i sobretot, <strong>gaudir de la lectura<\/strong>.<\/p>\n<p>Cliqueu la <strong>imatge<\/strong> per veure que concentrats i concentrades estem!<\/p>\n<p><a href=\"https:\/\/photos.app.goo.gl\/PxsgEx4h9cfWewP6A\"><img loading=\"lazy\" decoding=\"async\" class=\"aligncenter size-medium wp-image-7605\" src=\"https:\/\/agora.xtec.cat\/ceip-antoni-gaudi\/wp-content\/uploads\/usu683\/2024\/10\/IMG_4394-300x225.jpg\" alt=\"\" width=\"300\" height=\"225\" srcset=\"https:\/\/agora.xtec.cat\/ceip-antoni-gaudi\/wp-content\/uploads\/usu683\/2024\/10\/IMG_4394-300x225.jpg 300w, https:\/\/agora.xtec.cat\/ceip-antoni-gaudi\/wp-content\/uploads\/usu683\/2024\/10\/IMG_4394-1024x768.jpg 1024w, https:\/\/agora.xtec.cat\/ceip-antoni-gaudi\/wp-content\/uploads\/usu683\/2024\/10\/IMG_4394-768x576.jpg 768w, https:\/\/agora.xtec.cat\/ceip-antoni-gaudi\/wp-content\/uploads\/usu683\/2024\/10\/IMG_4394-1536x1152.jpg 1536w, https:\/\/agora.xtec.cat\/ceip-antoni-gaudi\/wp-content\/uploads\/usu683\/2024\/10\/IMG_4394-2048x1536.jpg 2048w, https:\/\/agora.xtec.cat\/ceip-antoni-gaudi\/wp-content\/uploads\/usu683\/2024\/10\/IMG_4394-200x150.jpg 200w\" sizes=\"auto, (max-width: 300px) 100vw, 300px\" \/><\/a><\/p>\n","protected":false},"excerpt":{"rendered":"<p>Els i les alumnes de primer anem a la biblioteca de l&#8217;escola un cop per setmana. Aprofitem la mitja hora de lectura dels dimarts per anar a la biblioteca i poder llegir els llibres que tenim all\u00e0. Tenim una gran varietat de contes i llibres&hellip;  <a href=\"https:\/\/agora.xtec.cat\/ceip-antoni-gaudi\/general\/p1-anem-a-la-biblioteca\/\" title=\"Read P1 ANEM A LA BIBLIOTECA!\">Llegeix m\u00e9s\u00bb<\/a><\/p>\n","protected":false},"author":4,"featured_media":0,"comment_status":"open","ping_status":"closed","sticky":false,"template":"","format":"standard","meta":{"_bbp_topic_count":0,"_bbp_reply_count":0,"_bbp_total_topic_count":0,"_bbp_total_reply_count":0,"_bbp_voice_count":0,"_bbp_anonymous_reply_count":0,"_bbp_topic_count_hidden":0,"_bbp_reply_count_hidden":0,"_bbp_forum_subforum_count":0,"footnotes":""},"categories":[1,10,4,229,5],"tags":[],"class_list":["post-7604","post","type-post","status-publish","format-standard","hentry","category-general","category-p1","category-portada","category-portada-portada","category-primaria"],"post_mailing_queue_ids":[],"_links":{"self":[{"href":"https:\/\/agora.xtec.cat\/ceip-antoni-gaudi\/wp-json\/wp\/v2\/posts\/7604","targetHints":{"allow":["GET"]}}],"collection":[{"href":"https:\/\/agora.xtec.cat\/ceip-antoni-gaudi\/wp-json\/wp\/v2\/posts"}],"about":[{"href":"https:\/\/agora.xtec.cat\/ceip-antoni-gaudi\/wp-json\/wp\/v2\/types\/post"}],"author":[{"embeddable":true,"href":"https:\/\/agora.xtec.cat\/ceip-antoni-gaudi\/wp-json\/wp\/v2\/users\/4"}],"replies":[{"embeddable":true,"href":"https:\/\/agora.xtec.cat\/ceip-antoni-gaudi\/wp-json\/wp\/v2\/comments?post=7604"}],"version-history":[{"count":1,"href":"https:\/\/agora.xtec.cat\/ceip-antoni-gaudi\/wp-json\/wp\/v2\/posts\/7604\/revisions"}],"predecessor-version":[{"id":7606,"href":"https:\/\/agora.xtec.cat\/ceip-antoni-gaudi\/wp-json\/wp\/v2\/posts\/7604\/revisions\/7606"}],"wp:attachment":[{"href":"https:\/\/agora.xtec.cat\/ceip-antoni-gaudi\/wp-json\/wp\/v2\/media?parent=7604"}],"wp:term":[{"taxonomy":"category","embeddable":true,"href":"https:\/\/agora.xtec.cat\/ceip-antoni-gaudi\/wp-json\/wp\/v2\/categories?post=7604"},{"taxonomy":"post_tag","embeddable":true,"href":"https:\/\/agora.xtec.cat\/ceip-antoni-gaudi\/wp-json\/wp\/v2\/tags?post=7604"}],"curies":[{"name":"wp","href":"https:\/\/api.w.org\/{rel}","templated":true}]}}