{"id":7208,"date":"2024-04-11T13:24:58","date_gmt":"2024-04-11T11:24:58","guid":{"rendered":"https:\/\/agora.xtec.cat\/ceip-antoni-gaudi\/?p=7208"},"modified":"2024-04-11T13:25:35","modified_gmt":"2024-04-11T11:25:35","slug":"primer-anem-al-lab-6-8","status":"publish","type":"post","link":"https:\/\/agora.xtec.cat\/ceip-antoni-gaudi\/portada\/primer-anem-al-lab-6-8\/","title":{"rendered":"Primer anem al LAB 6-8"},"content":{"rendered":"<p>Avui els nens i nenes de primer hem anat a Manresa, al <strong>LAB 6-8<\/strong>. Aqu\u00ed hem gaudit de la ci\u00e8ncia, tot explorant com si f\u00f3ssim <strong><span style=\"color: #008000;\">petits cient\u00edfics <\/span><\/strong>i <strong><span style=\"color: #008000;\">petites cient\u00edfiques.\u00a0<\/span><\/strong><\/p>\n<p>Un dia fant\u00e0stic, on hem apr\u00e8s que la ci\u00e8ncia tamb\u00e9 \u00e9s <strong>divertida<\/strong>!<\/p>\n<p>Cliqueu la imatge per veure el recull de fotografies. \ud83d\udcf8<\/p>\n<p><a href=\"https:\/\/photos.app.goo.gl\/1eF5mY2G9XpVV38T6\" target=\"_blank\" rel=\"noopener\"><img loading=\"lazy\" decoding=\"async\" class=\"aligncenter wp-image-7214 size-medium\" src=\"https:\/\/agora.xtec.cat\/ceip-antoni-gaudi\/wp-content\/uploads\/usu683\/2024\/04\/IMG-20240411-WA0002-225x300.jpg\" alt=\"\" width=\"225\" height=\"300\" srcset=\"https:\/\/agora.xtec.cat\/ceip-antoni-gaudi\/wp-content\/uploads\/usu683\/2024\/04\/IMG-20240411-WA0002-225x300.jpg 225w, https:\/\/agora.xtec.cat\/ceip-antoni-gaudi\/wp-content\/uploads\/usu683\/2024\/04\/IMG-20240411-WA0002-768x1024.jpg 768w, https:\/\/agora.xtec.cat\/ceip-antoni-gaudi\/wp-content\/uploads\/usu683\/2024\/04\/IMG-20240411-WA0002-1152x1536.jpg 1152w, https:\/\/agora.xtec.cat\/ceip-antoni-gaudi\/wp-content\/uploads\/usu683\/2024\/04\/IMG-20240411-WA0002.jpg 1530w\" sizes=\"auto, (max-width: 225px) 100vw, 225px\" \/><\/a><\/p>\n","protected":false},"excerpt":{"rendered":"<p>Avui els nens i nenes de primer hem anat a Manresa, al LAB 6-8. Aqu\u00ed hem gaudit de la ci\u00e8ncia, tot explorant com si f\u00f3ssim petits cient\u00edfics i petites cient\u00edfiques.\u00a0<br \/>\nUn dia fant\u00e0stic, on hem apr\u00e8s que la ci\u00e8ncia tamb\u00e9 \u00e9s divertida!<br \/>\nCliqueu la imatge per veure&hellip;  <a href=\"https:\/\/agora.xtec.cat\/ceip-antoni-gaudi\/portada\/primer-anem-al-lab-6-8\/\" title=\"Read Primer anem al LAB 6-8\">Llegeix m\u00e9s\u00bb<\/a><\/p>\n","protected":false},"author":4,"featured_media":0,"comment_status":"open","ping_status":"closed","sticky":false,"template":"","format":"standard","meta":{"_bbp_topic_count":0,"_bbp_reply_count":0,"_bbp_total_topic_count":0,"_bbp_total_reply_count":0,"_bbp_voice_count":0,"_bbp_anonymous_reply_count":0,"_bbp_topic_count_hidden":0,"_bbp_reply_count_hidden":0,"_bbp_forum_subforum_count":0,"footnotes":""},"categories":[10,4,229,5],"tags":[],"class_list":["post-7208","post","type-post","status-publish","format-standard","hentry","category-p1","category-portada","category-portada-portada","category-primaria"],"post_mailing_queue_ids":[],"_links":{"self":[{"href":"https:\/\/agora.xtec.cat\/ceip-antoni-gaudi\/wp-json\/wp\/v2\/posts\/7208","targetHints":{"allow":["GET"]}}],"collection":[{"href":"https:\/\/agora.xtec.cat\/ceip-antoni-gaudi\/wp-json\/wp\/v2\/posts"}],"about":[{"href":"https:\/\/agora.xtec.cat\/ceip-antoni-gaudi\/wp-json\/wp\/v2\/types\/post"}],"author":[{"embeddable":true,"href":"https:\/\/agora.xtec.cat\/ceip-antoni-gaudi\/wp-json\/wp\/v2\/users\/4"}],"replies":[{"embeddable":true,"href":"https:\/\/agora.xtec.cat\/ceip-antoni-gaudi\/wp-json\/wp\/v2\/comments?post=7208"}],"version-history":[{"count":5,"href":"https:\/\/agora.xtec.cat\/ceip-antoni-gaudi\/wp-json\/wp\/v2\/posts\/7208\/revisions"}],"predecessor-version":[{"id":7216,"href":"https:\/\/agora.xtec.cat\/ceip-antoni-gaudi\/wp-json\/wp\/v2\/posts\/7208\/revisions\/7216"}],"wp:attachment":[{"href":"https:\/\/agora.xtec.cat\/ceip-antoni-gaudi\/wp-json\/wp\/v2\/media?parent=7208"}],"wp:term":[{"taxonomy":"category","embeddable":true,"href":"https:\/\/agora.xtec.cat\/ceip-antoni-gaudi\/wp-json\/wp\/v2\/categories?post=7208"},{"taxonomy":"post_tag","embeddable":true,"href":"https:\/\/agora.xtec.cat\/ceip-antoni-gaudi\/wp-json\/wp\/v2\/tags?post=7208"}],"curies":[{"name":"wp","href":"https:\/\/api.w.org\/{rel}","templated":true}]}}