{"id":7142,"date":"2024-03-15T09:44:46","date_gmt":"2024-03-15T08:44:46","guid":{"rendered":"https:\/\/agora.xtec.cat\/ceip-antoni-gaudi\/?p=7142"},"modified":"2024-03-15T09:44:46","modified_gmt":"2024-03-15T08:44:46","slug":"fem-tallers-de-superherois-ines-a-infantil","status":"publish","type":"post","link":"https:\/\/agora.xtec.cat\/ceip-antoni-gaudi\/general\/fem-tallers-de-superherois-ines-a-infantil\/","title":{"rendered":"Fem tallers de SUPERHEROIS\/\u00cfNES a Infantil!"},"content":{"rendered":"<p>Aquesta setmana a Infantil hem fet <span style=\"color: #993300;\"><strong>tallers<\/strong> <\/span>oberts a les fam\u00edlies per poder ser <span style=\"color: #ff0000;\"><strong>superherois<\/strong> <\/span>i <span style=\"color: #0000ff;\"><strong>superhero\u00efnes<\/strong><\/span>\ud83e\uddb8\ud83c\udffb\u200d\u2640\ufe0f\u200b\ud83e\uddb8\ud83c\udffe\u200d\u2642\ufe0f\u200b\u200b\ud83e\uddb8\ud83c\udffd\u200b\ud83e\uddb8\ud83c\udffc\u200d\u2642\ufe0f\u200b com les nostres mascotes de classe. D&#8217;aquesta manera, finalitzem el <span style=\"color: #008000;\"><strong>projecte interdisciplinari<\/strong> <\/span>de centre &#8220;<span style=\"color: #800080;\"><strong>La lliga dels invencibles: el poder de fer grans coses!<\/strong><\/span>&#8220;.<\/p>\n<p>Ens ho hem passat d&#8217;all\u00f2 m\u00e9s b\u00e9 i ara tots tenim poders extraordinaris!<\/p>\n<p>Cliqueu a la \ud83d\udcf8\u200b per veure&#8217;n \u2795\u200b<\/p>\n<p><a href=\"https:\/\/photos.app.goo.gl\/nA3nhEks1oivCK516\"><img loading=\"lazy\" decoding=\"async\" class=\" wp-image-7144 aligncenter\" src=\"https:\/\/agora.xtec.cat\/ceip-antoni-gaudi\/wp-content\/uploads\/usu683\/2024\/03\/20240314_123401-300x225.jpg\" alt=\"\" width=\"412\" height=\"309\" srcset=\"https:\/\/agora.xtec.cat\/ceip-antoni-gaudi\/wp-content\/uploads\/usu683\/2024\/03\/20240314_123401-300x225.jpg 300w, https:\/\/agora.xtec.cat\/ceip-antoni-gaudi\/wp-content\/uploads\/usu683\/2024\/03\/20240314_123401-1024x768.jpg 1024w, https:\/\/agora.xtec.cat\/ceip-antoni-gaudi\/wp-content\/uploads\/usu683\/2024\/03\/20240314_123401-768x576.jpg 768w, https:\/\/agora.xtec.cat\/ceip-antoni-gaudi\/wp-content\/uploads\/usu683\/2024\/03\/20240314_123401-1536x1152.jpg 1536w, https:\/\/agora.xtec.cat\/ceip-antoni-gaudi\/wp-content\/uploads\/usu683\/2024\/03\/20240314_123401-2048x1536.jpg 2048w, https:\/\/agora.xtec.cat\/ceip-antoni-gaudi\/wp-content\/uploads\/usu683\/2024\/03\/20240314_123401-200x150.jpg 200w\" sizes=\"auto, (max-width: 412px) 100vw, 412px\" \/><\/a><\/p>\n","protected":false},"excerpt":{"rendered":"<p>Aquesta setmana a Infantil hem fet tallers oberts a les fam\u00edlies per poder ser superherois i superhero\u00efnes\ud83e\uddb8\ud83c\udffb\u200d\u2640\ufe0f\u200b\ud83e\uddb8\ud83c\udffe\u200d\u2642\ufe0f\u200b\u200b\ud83e\uddb8\ud83c\udffd\u200b\ud83e\uddb8\ud83c\udffc\u200d\u2642\ufe0f\u200b com les nostres mascotes de classe. D&#8217;aquesta manera, finalitzem el projecte interdisciplinari de centre &#8220;La lliga dels invencibles: el poder de fer grans coses!&#8220;.<br \/>\nEns ho hem passat d&#8217;all\u00f2&hellip;  <a href=\"https:\/\/agora.xtec.cat\/ceip-antoni-gaudi\/general\/fem-tallers-de-superherois-ines-a-infantil\/\" title=\"Read Fem tallers de SUPERHEROIS\/\u00cfNES a Infantil!\">Llegeix m\u00e9s\u00bb<\/a><\/p>\n","protected":false},"author":6,"featured_media":0,"comment_status":"open","ping_status":"closed","sticky":false,"template":"","format":"standard","meta":{"_bbp_topic_count":0,"_bbp_reply_count":0,"_bbp_total_topic_count":0,"_bbp_total_reply_count":0,"_bbp_voice_count":0,"_bbp_anonymous_reply_count":0,"_bbp_topic_count_hidden":0,"_bbp_reply_count_hidden":0,"_bbp_forum_subforum_count":0,"footnotes":""},"categories":[1,3,8,9,2,4,229],"tags":[],"class_list":["post-7142","post","type-post","status-publish","format-standard","hentry","category-general","category-i3","category-i4","category-i5","category-infantil","category-portada","category-portada-portada"],"post_mailing_queue_ids":[],"_links":{"self":[{"href":"https:\/\/agora.xtec.cat\/ceip-antoni-gaudi\/wp-json\/wp\/v2\/posts\/7142","targetHints":{"allow":["GET"]}}],"collection":[{"href":"https:\/\/agora.xtec.cat\/ceip-antoni-gaudi\/wp-json\/wp\/v2\/posts"}],"about":[{"href":"https:\/\/agora.xtec.cat\/ceip-antoni-gaudi\/wp-json\/wp\/v2\/types\/post"}],"author":[{"embeddable":true,"href":"https:\/\/agora.xtec.cat\/ceip-antoni-gaudi\/wp-json\/wp\/v2\/users\/6"}],"replies":[{"embeddable":true,"href":"https:\/\/agora.xtec.cat\/ceip-antoni-gaudi\/wp-json\/wp\/v2\/comments?post=7142"}],"version-history":[{"count":2,"href":"https:\/\/agora.xtec.cat\/ceip-antoni-gaudi\/wp-json\/wp\/v2\/posts\/7142\/revisions"}],"predecessor-version":[{"id":7145,"href":"https:\/\/agora.xtec.cat\/ceip-antoni-gaudi\/wp-json\/wp\/v2\/posts\/7142\/revisions\/7145"}],"wp:attachment":[{"href":"https:\/\/agora.xtec.cat\/ceip-antoni-gaudi\/wp-json\/wp\/v2\/media?parent=7142"}],"wp:term":[{"taxonomy":"category","embeddable":true,"href":"https:\/\/agora.xtec.cat\/ceip-antoni-gaudi\/wp-json\/wp\/v2\/categories?post=7142"},{"taxonomy":"post_tag","embeddable":true,"href":"https:\/\/agora.xtec.cat\/ceip-antoni-gaudi\/wp-json\/wp\/v2\/tags?post=7142"}],"curies":[{"name":"wp","href":"https:\/\/api.w.org\/{rel}","templated":true}]}}