{"id":7112,"date":"2024-03-12T13:20:28","date_gmt":"2024-03-12T12:20:28","guid":{"rendered":"https:\/\/agora.xtec.cat\/ceip-antoni-gaudi\/?p=7112"},"modified":"2024-03-12T13:20:28","modified_gmt":"2024-03-12T12:20:28","slug":"p4-i-p6-taller-habits-saludables","status":"publish","type":"post","link":"https:\/\/agora.xtec.cat\/ceip-antoni-gaudi\/general\/p4-i-p6-taller-habits-saludables\/","title":{"rendered":"P4 i P6 TALLER H\u00c0BITS SALUDABLES"},"content":{"rendered":"<p style=\"text-align: justify;\">L&#8217;alumnat de P4 hem fet un taller sobre h\u00e0bits d&#8217;higiene que s&#8217;anomena &#8220;Em cuido, em sento a gust&#8221;.\u00a0 La C\u00e8lia ens ha explicat com ens hem de rentar les mans i les vegades que ho hem de fer al dia, en quines zones i coses s&#8217;acumulen m\u00e9s brut\u00edcia (de l&#8217;escola, de la roba, del nostre cos&#8230;),\u00a0 com ens hem de dutxar, rentar les dents&#8230; A m\u00e9s a m\u00e9s, ens han explicat que \u00e9s molt important el descans a la nit i qu\u00e8 hem de fer per aconseguir un ambient tranquil l&#8217;estona abans d&#8217;anar a dormir.<\/p>\n<p style=\"text-align: justify;\">Finalment, despr\u00e9s d&#8217;aprendre moltes coses sobre h\u00e0bits saludables, hem fet PASTA DE DENTS per casa! Ha sigut s\u00faper emocionant i molt divertit.<\/p>\n<p>&nbsp;<\/p>\n<p>L&#8217;alumnat de P6 hem fet un taller sobre l&#8217;alimentaci\u00f3 saludable i els tipus d&#8217;aliments anomenat &#8220;menjo b\u00e9, em sento b\u00e9!&#8221;.<\/p>\n<p>La C\u00e8lia ens ha explicat quins tipus d&#8217;aliments s\u00f3n els m\u00e9s saludables i com classificar-los (energ\u00e8tics, aliments buits, reguladors i constructors). Hem apr\u00e8s a seleccionar els aliments per a que fem una bona dieta i alimentaci\u00f3. Per acabar, vam fer un joc on hav\u00edem d&#8217;assignar cada aliment a la seva capsa corresponent. Aqu\u00ed us deixem un recull d&#8217;imatges.<a href=\"https:\/\/photos.google.com\/album\/AF1QipNK5i-Qm01nQKKi6bxWmFcMCKCyO-5FCFhcroUZ\">https:\/\/photos.google.com\/album\/AF1QipNK5i-Qm01nQKKi6bxWmFcMCKCyO-5FCFhcroUZ<\/a><\/p>\n<table style=\"border-collapse: collapse; width: 60.7273%; height: 249px;\">\n<tbody>\n<tr>\n<td style=\"width: 50%; border-style: solid; border-color: #ffffff;\"><a href=\"https:\/\/photos.app.goo.gl\/8VMF6dama11wdCwn7\"><img loading=\"lazy\" decoding=\"async\" class=\"aligncenter size-full wp-image-6309\" src=\"https:\/\/agora.xtec.cat\/ceip-antoni-gaudi\/wp-content\/uploads\/usu683\/2023\/09\/Diseno-sin-titulo-2.png\" alt=\"\" width=\"1414\" height=\"2000\" srcset=\"https:\/\/agora.xtec.cat\/ceip-antoni-gaudi\/wp-content\/uploads\/usu683\/2023\/09\/Diseno-sin-titulo-2.png 1414w, https:\/\/agora.xtec.cat\/ceip-antoni-gaudi\/wp-content\/uploads\/usu683\/2023\/09\/Diseno-sin-titulo-2-212x300.png 212w, https:\/\/agora.xtec.cat\/ceip-antoni-gaudi\/wp-content\/uploads\/usu683\/2023\/09\/Diseno-sin-titulo-2-724x1024.png 724w, https:\/\/agora.xtec.cat\/ceip-antoni-gaudi\/wp-content\/uploads\/usu683\/2023\/09\/Diseno-sin-titulo-2-768x1086.png 768w, https:\/\/agora.xtec.cat\/ceip-antoni-gaudi\/wp-content\/uploads\/usu683\/2023\/09\/Diseno-sin-titulo-2-1086x1536.png 1086w\" sizes=\"auto, (max-width: 1414px) 100vw, 1414px\" \/><\/a><\/td>\n<td style=\"width: 50%; border-color: #ffffff;\"><a href=\"https:\/\/agora.xtec.cat\/ceip-antoni-gaudi\/wp-content\/uploads\/usu683\/2023\/09\/Diseno-sin-titulo-4.png\"><img loading=\"lazy\" decoding=\"async\" class=\"aligncenter size-full wp-image-6311\" src=\"https:\/\/agora.xtec.cat\/ceip-antoni-gaudi\/wp-content\/uploads\/usu683\/2023\/09\/Diseno-sin-titulo-4.png\" alt=\"\" width=\"1414\" height=\"2000\" srcset=\"https:\/\/agora.xtec.cat\/ceip-antoni-gaudi\/wp-content\/uploads\/usu683\/2023\/09\/Diseno-sin-titulo-4.png 1414w, https:\/\/agora.xtec.cat\/ceip-antoni-gaudi\/wp-content\/uploads\/usu683\/2023\/09\/Diseno-sin-titulo-4-212x300.png 212w, https:\/\/agora.xtec.cat\/ceip-antoni-gaudi\/wp-content\/uploads\/usu683\/2023\/09\/Diseno-sin-titulo-4-724x1024.png 724w, https:\/\/agora.xtec.cat\/ceip-antoni-gaudi\/wp-content\/uploads\/usu683\/2023\/09\/Diseno-sin-titulo-4-768x1086.png 768w, https:\/\/agora.xtec.cat\/ceip-antoni-gaudi\/wp-content\/uploads\/usu683\/2023\/09\/Diseno-sin-titulo-4-1086x1536.png 1086w\" sizes=\"auto, (max-width: 1414px) 100vw, 1414px\" \/><\/a><\/td>\n<\/tr>\n<\/tbody>\n<\/table>\n<p>&nbsp;<\/p>\n<p>&nbsp;<\/p>\n","protected":false},"excerpt":{"rendered":"<p>L&#8217;alumnat de P4 hem fet un taller sobre h\u00e0bits d&#8217;higiene que s&#8217;anomena &#8220;Em cuido, em sento a gust&#8221;.\u00a0 La C\u00e8lia ens ha explicat com ens hem de rentar les mans i les vegades que ho hem de fer al dia, en quines zones i coses&hellip;  <a href=\"https:\/\/agora.xtec.cat\/ceip-antoni-gaudi\/general\/p4-i-p6-taller-habits-saludables\/\" title=\"Read P4 i P6 TALLER H\u00c0BITS SALUDABLES\">Llegeix m\u00e9s\u00bb<\/a><\/p>\n","protected":false},"author":5,"featured_media":0,"comment_status":"open","ping_status":"closed","sticky":false,"template":"","format":"standard","meta":{"_bbp_topic_count":0,"_bbp_reply_count":0,"_bbp_total_topic_count":0,"_bbp_total_reply_count":0,"_bbp_voice_count":0,"_bbp_anonymous_reply_count":0,"_bbp_topic_count_hidden":0,"_bbp_reply_count_hidden":0,"_bbp_forum_subforum_count":0,"footnotes":""},"categories":[1,13,15,4,229,5],"tags":[],"class_list":["post-7112","post","type-post","status-publish","format-standard","hentry","category-general","category-p4","category-p6","category-portada","category-portada-portada","category-primaria"],"post_mailing_queue_ids":[],"_links":{"self":[{"href":"https:\/\/agora.xtec.cat\/ceip-antoni-gaudi\/wp-json\/wp\/v2\/posts\/7112","targetHints":{"allow":["GET"]}}],"collection":[{"href":"https:\/\/agora.xtec.cat\/ceip-antoni-gaudi\/wp-json\/wp\/v2\/posts"}],"about":[{"href":"https:\/\/agora.xtec.cat\/ceip-antoni-gaudi\/wp-json\/wp\/v2\/types\/post"}],"author":[{"embeddable":true,"href":"https:\/\/agora.xtec.cat\/ceip-antoni-gaudi\/wp-json\/wp\/v2\/users\/5"}],"replies":[{"embeddable":true,"href":"https:\/\/agora.xtec.cat\/ceip-antoni-gaudi\/wp-json\/wp\/v2\/comments?post=7112"}],"version-history":[{"count":5,"href":"https:\/\/agora.xtec.cat\/ceip-antoni-gaudi\/wp-json\/wp\/v2\/posts\/7112\/revisions"}],"predecessor-version":[{"id":7131,"href":"https:\/\/agora.xtec.cat\/ceip-antoni-gaudi\/wp-json\/wp\/v2\/posts\/7112\/revisions\/7131"}],"wp:attachment":[{"href":"https:\/\/agora.xtec.cat\/ceip-antoni-gaudi\/wp-json\/wp\/v2\/media?parent=7112"}],"wp:term":[{"taxonomy":"category","embeddable":true,"href":"https:\/\/agora.xtec.cat\/ceip-antoni-gaudi\/wp-json\/wp\/v2\/categories?post=7112"},{"taxonomy":"post_tag","embeddable":true,"href":"https:\/\/agora.xtec.cat\/ceip-antoni-gaudi\/wp-json\/wp\/v2\/tags?post=7112"}],"curies":[{"name":"wp","href":"https:\/\/api.w.org\/{rel}","templated":true}]}}