{"id":6797,"date":"2023-12-20T09:39:09","date_gmt":"2023-12-20T08:39:09","guid":{"rendered":"https:\/\/agora.xtec.cat\/ceip-antoni-gaudi\/?p=6797"},"modified":"2023-12-20T09:39:09","modified_gmt":"2023-12-20T08:39:09","slug":"tallers-i-patges-a-lescola","status":"publish","type":"post","link":"https:\/\/agora.xtec.cat\/ceip-antoni-gaudi\/portada\/tallers-i-patges-a-lescola\/","title":{"rendered":"Tallers i Patges a l&#8217;escola!"},"content":{"rendered":"<p><span style=\"font-family: inherit; font-size: 1em;\">Aquest dimarts 19, tots els nens i nenes de I5, P1, P2 i P3 hem gaudit molt fent tallers i jocs de taula, hem ballat, hem creat fent plastilina, ens hem relaxat molt pintant mandales i hem constru\u00eft amb Lego.<\/span><\/p>\n<p lang=\"ca-ES\">Despr\u00e9s de compartir aquestes activitats tant divertides i interessants, hem rebut una gran sorpresa. HAN VINGUT ELS PATGES A L\u2019ESCOLA!<\/p>\n<p lang=\"ca-ES\">Ha estat molt emocionant, els hem vist arribar amb cavall carregats de xocolatines per a tots i totes nosaltres i tamb\u00e9 els hi hem pogut entregar la carta demanant els que ens agradaria que ens portessin els Reis de l\u2019Orient.<\/p>\n<p lang=\"ca-ES\">Si voleu veure lo b\u00e9 que ens ho hem passat, feu clic al seg\u00fcent enlla\u00e7 on hi trobareu les imatges d\u2019aquest dia tan\u00a0m\u00e0gic.<\/p>\n<p><a href=\"https:\/\/photos.app.goo.gl\/aRBnHwfb8Smtz9N66\" target=\"_blank\" rel=\"noopener\"><img loading=\"lazy\" decoding=\"async\" class=\"aligncenter wp-image-6798 size-medium\" src=\"https:\/\/agora.xtec.cat\/ceip-antoni-gaudi\/wp-content\/uploads\/usu683\/2023\/12\/WhatsApp-Image-2023-12-19-at-19.39.29-300x225.jpeg\" alt=\"\" width=\"300\" height=\"225\" srcset=\"https:\/\/agora.xtec.cat\/ceip-antoni-gaudi\/wp-content\/uploads\/usu683\/2023\/12\/WhatsApp-Image-2023-12-19-at-19.39.29-300x225.jpeg 300w, https:\/\/agora.xtec.cat\/ceip-antoni-gaudi\/wp-content\/uploads\/usu683\/2023\/12\/WhatsApp-Image-2023-12-19-at-19.39.29-1024x768.jpeg 1024w, https:\/\/agora.xtec.cat\/ceip-antoni-gaudi\/wp-content\/uploads\/usu683\/2023\/12\/WhatsApp-Image-2023-12-19-at-19.39.29-768x576.jpeg 768w, https:\/\/agora.xtec.cat\/ceip-antoni-gaudi\/wp-content\/uploads\/usu683\/2023\/12\/WhatsApp-Image-2023-12-19-at-19.39.29-1536x1152.jpeg 1536w, https:\/\/agora.xtec.cat\/ceip-antoni-gaudi\/wp-content\/uploads\/usu683\/2023\/12\/WhatsApp-Image-2023-12-19-at-19.39.29-200x150.jpeg 200w, https:\/\/agora.xtec.cat\/ceip-antoni-gaudi\/wp-content\/uploads\/usu683\/2023\/12\/WhatsApp-Image-2023-12-19-at-19.39.29.jpeg 2000w\" sizes=\"auto, (max-width: 300px) 100vw, 300px\" \/><\/a><\/p>\n","protected":false},"excerpt":{"rendered":"<p>Aquest dimarts 19, tots els nens i nenes de I5, P1, P2 i P3 hem gaudit molt fent tallers i jocs de taula, hem ballat, hem creat fent plastilina, ens hem relaxat molt pintant mandales i hem constru\u00eft amb Lego.<br \/>\nDespr\u00e9s de compartir aquestes activitats tant&hellip;  <a href=\"https:\/\/agora.xtec.cat\/ceip-antoni-gaudi\/portada\/tallers-i-patges-a-lescola\/\" title=\"Read Tallers i Patges a l&#8217;escola!\">Llegeix m\u00e9s\u00bb<\/a><\/p>\n","protected":false},"author":4,"featured_media":0,"comment_status":"open","ping_status":"closed","sticky":false,"template":"","format":"standard","meta":{"_bbp_topic_count":0,"_bbp_reply_count":0,"_bbp_total_topic_count":0,"_bbp_total_reply_count":0,"_bbp_voice_count":0,"_bbp_anonymous_reply_count":0,"_bbp_topic_count_hidden":0,"_bbp_reply_count_hidden":0,"_bbp_forum_subforum_count":0,"footnotes":""},"categories":[10,11,12,4],"tags":[],"class_list":["post-6797","post","type-post","status-publish","format-standard","hentry","category-p1","category-p2","category-p3","category-portada"],"post_mailing_queue_ids":[],"_links":{"self":[{"href":"https:\/\/agora.xtec.cat\/ceip-antoni-gaudi\/wp-json\/wp\/v2\/posts\/6797","targetHints":{"allow":["GET"]}}],"collection":[{"href":"https:\/\/agora.xtec.cat\/ceip-antoni-gaudi\/wp-json\/wp\/v2\/posts"}],"about":[{"href":"https:\/\/agora.xtec.cat\/ceip-antoni-gaudi\/wp-json\/wp\/v2\/types\/post"}],"author":[{"embeddable":true,"href":"https:\/\/agora.xtec.cat\/ceip-antoni-gaudi\/wp-json\/wp\/v2\/users\/4"}],"replies":[{"embeddable":true,"href":"https:\/\/agora.xtec.cat\/ceip-antoni-gaudi\/wp-json\/wp\/v2\/comments?post=6797"}],"version-history":[{"count":1,"href":"https:\/\/agora.xtec.cat\/ceip-antoni-gaudi\/wp-json\/wp\/v2\/posts\/6797\/revisions"}],"predecessor-version":[{"id":6799,"href":"https:\/\/agora.xtec.cat\/ceip-antoni-gaudi\/wp-json\/wp\/v2\/posts\/6797\/revisions\/6799"}],"wp:attachment":[{"href":"https:\/\/agora.xtec.cat\/ceip-antoni-gaudi\/wp-json\/wp\/v2\/media?parent=6797"}],"wp:term":[{"taxonomy":"category","embeddable":true,"href":"https:\/\/agora.xtec.cat\/ceip-antoni-gaudi\/wp-json\/wp\/v2\/categories?post=6797"},{"taxonomy":"post_tag","embeddable":true,"href":"https:\/\/agora.xtec.cat\/ceip-antoni-gaudi\/wp-json\/wp\/v2\/tags?post=6797"}],"curies":[{"name":"wp","href":"https:\/\/api.w.org\/{rel}","templated":true}]}}