{"id":6697,"date":"2023-12-10T21:22:50","date_gmt":"2023-12-10T20:22:50","guid":{"rendered":"https:\/\/agora.xtec.cat\/ceip-antoni-gaudi\/?p=6697"},"modified":"2023-12-10T21:24:06","modified_gmt":"2023-12-10T20:24:06","slug":"ens-connectem-amb-la-piki-2","status":"publish","type":"post","link":"https:\/\/agora.xtec.cat\/ceip-antoni-gaudi\/general\/ens-connectem-amb-la-piki-2\/","title":{"rendered":"Ens connectem amb la Piki!!!"},"content":{"rendered":"<p>Les classes dels i les Invisibles i dels r\u00e0pids i r\u00e0pides ja coneixem a la Piki perqu\u00e8 ja fa uns dies vam fer una trobada virtual.<\/p>\n<p>La Piki \u00e9s una contecontes molt divertida que d&#8217;explicar contes i hist\u00f2ries en sap un munt.Sempre ens fa preguntes i li agrada molt que li expliquem contes i que estiguem atents i atentes quan ella ens n&#8217;explica.<\/p>\n<p>A m\u00e9s ens d\u00f3na feina per fer a la classe i despr\u00e9s, quan ens tornem a connectar, li hem d&#8217;ensenyar. Son feines molt xules que fem entre tots i totes i ens divertim i aprenem mentre les fem.<\/p>\n<p>Ja tenim ganes de tornar-te a veure Piki!!!<\/p>\n<p>Cliqueu la \ud83d\udcf8 per veure les imatges.<\/p>\n<p><a href=\"https:\/\/photos.app.goo.gl\/kBJLjbsfn4SQ5V9Y6\" target=\"_blank\" rel=\"noopener\"><img loading=\"lazy\" decoding=\"async\" class=\"aligncenter size-medium wp-image-6698\" src=\"https:\/\/agora.xtec.cat\/ceip-antoni-gaudi\/wp-content\/uploads\/usu683\/2023\/12\/piki-300x225.jpeg\" alt=\"\" width=\"300\" height=\"225\" srcset=\"https:\/\/agora.xtec.cat\/ceip-antoni-gaudi\/wp-content\/uploads\/usu683\/2023\/12\/piki-300x225.jpeg 300w, https:\/\/agora.xtec.cat\/ceip-antoni-gaudi\/wp-content\/uploads\/usu683\/2023\/12\/piki-1024x768.jpeg 1024w, https:\/\/agora.xtec.cat\/ceip-antoni-gaudi\/wp-content\/uploads\/usu683\/2023\/12\/piki-768x576.jpeg 768w, https:\/\/agora.xtec.cat\/ceip-antoni-gaudi\/wp-content\/uploads\/usu683\/2023\/12\/piki-1536x1152.jpeg 1536w, https:\/\/agora.xtec.cat\/ceip-antoni-gaudi\/wp-content\/uploads\/usu683\/2023\/12\/piki-200x150.jpeg 200w, https:\/\/agora.xtec.cat\/ceip-antoni-gaudi\/wp-content\/uploads\/usu683\/2023\/12\/piki.jpeg 1600w\" sizes=\"auto, (max-width: 300px) 100vw, 300px\" \/><\/a><\/p>\n","protected":false},"excerpt":{"rendered":"<p>Les classes dels i les Invisibles i dels r\u00e0pids i r\u00e0pides ja coneixem a la Piki perqu\u00e8 ja fa uns dies vam fer una trobada virtual.<br \/>\nLa Piki \u00e9s una contecontes molt divertida que d&#8217;explicar contes i hist\u00f2ries en sap un munt.Sempre ens fa preguntes i&hellip;  <a href=\"https:\/\/agora.xtec.cat\/ceip-antoni-gaudi\/general\/ens-connectem-amb-la-piki-2\/\" title=\"Read Ens connectem amb la Piki!!!\">Llegeix m\u00e9s\u00bb<\/a><\/p>\n","protected":false},"author":4,"featured_media":0,"comment_status":"open","ping_status":"closed","sticky":false,"template":"","format":"standard","meta":{"_bbp_topic_count":0,"_bbp_reply_count":0,"_bbp_total_topic_count":0,"_bbp_total_reply_count":0,"_bbp_voice_count":0,"_bbp_anonymous_reply_count":0,"_bbp_topic_count_hidden":0,"_bbp_reply_count_hidden":0,"_bbp_forum_subforum_count":0,"footnotes":""},"categories":[1,10,4,229,5],"tags":[],"class_list":["post-6697","post","type-post","status-publish","format-standard","hentry","category-general","category-p1","category-portada","category-portada-portada","category-primaria"],"post_mailing_queue_ids":[],"_links":{"self":[{"href":"https:\/\/agora.xtec.cat\/ceip-antoni-gaudi\/wp-json\/wp\/v2\/posts\/6697","targetHints":{"allow":["GET"]}}],"collection":[{"href":"https:\/\/agora.xtec.cat\/ceip-antoni-gaudi\/wp-json\/wp\/v2\/posts"}],"about":[{"href":"https:\/\/agora.xtec.cat\/ceip-antoni-gaudi\/wp-json\/wp\/v2\/types\/post"}],"author":[{"embeddable":true,"href":"https:\/\/agora.xtec.cat\/ceip-antoni-gaudi\/wp-json\/wp\/v2\/users\/4"}],"replies":[{"embeddable":true,"href":"https:\/\/agora.xtec.cat\/ceip-antoni-gaudi\/wp-json\/wp\/v2\/comments?post=6697"}],"version-history":[{"count":2,"href":"https:\/\/agora.xtec.cat\/ceip-antoni-gaudi\/wp-json\/wp\/v2\/posts\/6697\/revisions"}],"predecessor-version":[{"id":6700,"href":"https:\/\/agora.xtec.cat\/ceip-antoni-gaudi\/wp-json\/wp\/v2\/posts\/6697\/revisions\/6700"}],"wp:attachment":[{"href":"https:\/\/agora.xtec.cat\/ceip-antoni-gaudi\/wp-json\/wp\/v2\/media?parent=6697"}],"wp:term":[{"taxonomy":"category","embeddable":true,"href":"https:\/\/agora.xtec.cat\/ceip-antoni-gaudi\/wp-json\/wp\/v2\/categories?post=6697"},{"taxonomy":"post_tag","embeddable":true,"href":"https:\/\/agora.xtec.cat\/ceip-antoni-gaudi\/wp-json\/wp\/v2\/tags?post=6697"}],"curies":[{"name":"wp","href":"https:\/\/api.w.org\/{rel}","templated":true}]}}