{"id":6665,"date":"2023-12-01T16:58:13","date_gmt":"2023-12-01T15:58:13","guid":{"rendered":"https:\/\/agora.xtec.cat\/ceip-antoni-gaudi\/?p=6665"},"modified":"2023-12-01T16:58:13","modified_gmt":"2023-12-01T15:58:13","slug":"a-p6-llegim-linvisible","status":"publish","type":"post","link":"https:\/\/agora.xtec.cat\/ceip-antoni-gaudi\/general\/a-p6-llegim-linvisible\/","title":{"rendered":"A P6 llegim l&#8217;INVISIBLE !"},"content":{"rendered":"<p>Aquest primer trimestre a P6 estem realitzant la lectura del llibre l&#8217;INVISIBLE, de l&#8217;autor Eloy Moreno. El llibre narra una hist\u00f2ria d&#8217;un noi que pateix assetjament escolar, i tots i totes estem molt enganxats a la hist\u00f2ria, esperant a llegir el final. \u00c9s un llibre que hem pogut relacionar al nostre projecte &#8220;Aqu\u00ed prou bullying&#8221; i tamb\u00e9 al projecte de centre &#8220;La lliga dels invencibles, el poder de fer grans coses&#8221;.<br \/>\nA m\u00e9s aprofitem l&#8217;espai de la nova biblioteca de l&#8217;escola i all\u00e0 gaudim de les estones de lectura.<\/p>\n<p>Cliqueu per veure les fotografies.<\/p>\n<p><a href=\"https:\/\/photos.app.goo.gl\/bYMothL7zk1D3byQA\"><img loading=\"lazy\" decoding=\"async\" class=\"wp-image-6675 alignleft\" src=\"https:\/\/agora.xtec.cat\/ceip-antoni-gaudi\/wp-content\/uploads\/usu683\/2023\/12\/IMG_20231129_114809-scaled.jpg\" alt=\"\" width=\"336\" height=\"252\" srcset=\"https:\/\/agora.xtec.cat\/ceip-antoni-gaudi\/wp-content\/uploads\/usu683\/2023\/12\/IMG_20231129_114809-scaled.jpg 2560w, https:\/\/agora.xtec.cat\/ceip-antoni-gaudi\/wp-content\/uploads\/usu683\/2023\/12\/IMG_20231129_114809-300x225.jpg 300w, https:\/\/agora.xtec.cat\/ceip-antoni-gaudi\/wp-content\/uploads\/usu683\/2023\/12\/IMG_20231129_114809-1024x768.jpg 1024w, https:\/\/agora.xtec.cat\/ceip-antoni-gaudi\/wp-content\/uploads\/usu683\/2023\/12\/IMG_20231129_114809-768x576.jpg 768w, https:\/\/agora.xtec.cat\/ceip-antoni-gaudi\/wp-content\/uploads\/usu683\/2023\/12\/IMG_20231129_114809-1536x1152.jpg 1536w, https:\/\/agora.xtec.cat\/ceip-antoni-gaudi\/wp-content\/uploads\/usu683\/2023\/12\/IMG_20231129_114809-2048x1536.jpg 2048w, https:\/\/agora.xtec.cat\/ceip-antoni-gaudi\/wp-content\/uploads\/usu683\/2023\/12\/IMG_20231129_114809-200x150.jpg 200w\" sizes=\"auto, (max-width: 336px) 100vw, 336px\" \/><\/a><\/p>\n","protected":false},"excerpt":{"rendered":"<p>Aquest primer trimestre a P6 estem realitzant la lectura del llibre l&#8217;INVISIBLE, de l&#8217;autor Eloy Moreno. El llibre narra una hist\u00f2ria d&#8217;un noi que pateix assetjament escolar, i tots i totes estem molt enganxats a la hist\u00f2ria, esperant a llegir el final. \u00c9s un llibre&hellip;  <a href=\"https:\/\/agora.xtec.cat\/ceip-antoni-gaudi\/general\/a-p6-llegim-linvisible\/\" title=\"Read A P6 llegim l&#8217;INVISIBLE !\">Llegeix m\u00e9s\u00bb<\/a><\/p>\n","protected":false},"author":5,"featured_media":0,"comment_status":"open","ping_status":"closed","sticky":false,"template":"","format":"standard","meta":{"_bbp_topic_count":0,"_bbp_reply_count":0,"_bbp_total_topic_count":0,"_bbp_total_reply_count":0,"_bbp_voice_count":0,"_bbp_anonymous_reply_count":0,"_bbp_topic_count_hidden":0,"_bbp_reply_count_hidden":0,"_bbp_forum_subforum_count":0,"footnotes":""},"categories":[1,15,4,229,5],"tags":[],"class_list":["post-6665","post","type-post","status-publish","format-standard","hentry","category-general","category-p6","category-portada","category-portada-portada","category-primaria"],"post_mailing_queue_ids":[],"_links":{"self":[{"href":"https:\/\/agora.xtec.cat\/ceip-antoni-gaudi\/wp-json\/wp\/v2\/posts\/6665","targetHints":{"allow":["GET"]}}],"collection":[{"href":"https:\/\/agora.xtec.cat\/ceip-antoni-gaudi\/wp-json\/wp\/v2\/posts"}],"about":[{"href":"https:\/\/agora.xtec.cat\/ceip-antoni-gaudi\/wp-json\/wp\/v2\/types\/post"}],"author":[{"embeddable":true,"href":"https:\/\/agora.xtec.cat\/ceip-antoni-gaudi\/wp-json\/wp\/v2\/users\/5"}],"replies":[{"embeddable":true,"href":"https:\/\/agora.xtec.cat\/ceip-antoni-gaudi\/wp-json\/wp\/v2\/comments?post=6665"}],"version-history":[{"count":2,"href":"https:\/\/agora.xtec.cat\/ceip-antoni-gaudi\/wp-json\/wp\/v2\/posts\/6665\/revisions"}],"predecessor-version":[{"id":6679,"href":"https:\/\/agora.xtec.cat\/ceip-antoni-gaudi\/wp-json\/wp\/v2\/posts\/6665\/revisions\/6679"}],"wp:attachment":[{"href":"https:\/\/agora.xtec.cat\/ceip-antoni-gaudi\/wp-json\/wp\/v2\/media?parent=6665"}],"wp:term":[{"taxonomy":"category","embeddable":true,"href":"https:\/\/agora.xtec.cat\/ceip-antoni-gaudi\/wp-json\/wp\/v2\/categories?post=6665"},{"taxonomy":"post_tag","embeddable":true,"href":"https:\/\/agora.xtec.cat\/ceip-antoni-gaudi\/wp-json\/wp\/v2\/tags?post=6665"}],"curies":[{"name":"wp","href":"https:\/\/api.w.org\/{rel}","templated":true}]}}