{"id":6650,"date":"2023-12-04T08:51:19","date_gmt":"2023-12-04T07:51:19","guid":{"rendered":"https:\/\/agora.xtec.cat\/ceip-antoni-gaudi\/?p=6650"},"modified":"2023-12-04T08:51:19","modified_gmt":"2023-12-04T07:51:19","slug":"a-p4-parlem-sobre-els-drets-dels-infants","status":"publish","type":"post","link":"https:\/\/agora.xtec.cat\/ceip-antoni-gaudi\/general\/a-p4-parlem-sobre-els-drets-dels-infants\/","title":{"rendered":"A P4 parlem sobre els drets dels infants"},"content":{"rendered":"<p>A la Comunitat de Grans, cada setmana veiem <strong>l&#8217;INFOK<\/strong> per tal de desenvolupar la nostra <strong>comprensi\u00f3 oral<\/strong> i <span class=\"hiddenGrammarError\">ampliar<\/span>\u00a0<strong>vocabulari<\/strong>. La setmana passada vam poder visualitzar l&#8217;especial dedicat als <strong>Drets dels Infants<\/strong>, on els\u00a0protagonistes\u00a0van explicar les seves\u00a0viv\u00e8ncies. Seguidament, vam poder debatre sobre el dret a viure en pau, a la salut, a una fam\u00edlia, a no ser discriminat&#8230;<\/p>\n<p>Podeu gaudir d&#8217;aquest programa clicant \u27a1\ufe0f<a href=\"https:\/\/www.ccma.cat\/tv3\/sx3\/20112023\/video\/6251937\/\">\ud83d\udcfa<\/a><\/p>\n<p>Tamb\u00e9, teniu m\u00e9s imatges clicant a la seg\u00fcent<\/p>\n<p><a href=\"https:\/\/photos.app.goo.gl\/G1qpd9YqTE7ZDZXn6\"><img loading=\"lazy\" decoding=\"async\" class=\"aligncenter  wp-image-6686\" src=\"https:\/\/agora.xtec.cat\/ceip-antoni-gaudi\/wp-content\/uploads\/usu683\/2023\/12\/IMG-20231201-WA0007.jpg\" alt=\"\" width=\"328\" height=\"328\" srcset=\"https:\/\/agora.xtec.cat\/ceip-antoni-gaudi\/wp-content\/uploads\/usu683\/2023\/12\/IMG-20231201-WA0007.jpg 2048w, https:\/\/agora.xtec.cat\/ceip-antoni-gaudi\/wp-content\/uploads\/usu683\/2023\/12\/IMG-20231201-WA0007-300x300.jpg 300w, https:\/\/agora.xtec.cat\/ceip-antoni-gaudi\/wp-content\/uploads\/usu683\/2023\/12\/IMG-20231201-WA0007-1024x1024.jpg 1024w, https:\/\/agora.xtec.cat\/ceip-antoni-gaudi\/wp-content\/uploads\/usu683\/2023\/12\/IMG-20231201-WA0007-150x150.jpg 150w, https:\/\/agora.xtec.cat\/ceip-antoni-gaudi\/wp-content\/uploads\/usu683\/2023\/12\/IMG-20231201-WA0007-768x768.jpg 768w, https:\/\/agora.xtec.cat\/ceip-antoni-gaudi\/wp-content\/uploads\/usu683\/2023\/12\/IMG-20231201-WA0007-1536x1536.jpg 1536w\" sizes=\"auto, (max-width: 328px) 100vw, 328px\" \/><\/a><\/p>\n","protected":false},"excerpt":{"rendered":"<p>A la Comunitat de Grans, cada setmana veiem l&#8217;INFOK per tal de desenvolupar la nostra comprensi\u00f3 oral i ampliar\u00a0vocabulari. La setmana passada vam poder visualitzar l&#8217;especial dedicat als Drets dels Infants, on els\u00a0protagonistes\u00a0van explicar les seves\u00a0viv\u00e8ncies. Seguidament, vam poder debatre sobre el dret a viure&hellip;  <a href=\"https:\/\/agora.xtec.cat\/ceip-antoni-gaudi\/general\/a-p4-parlem-sobre-els-drets-dels-infants\/\" title=\"Read A P4 parlem sobre els drets dels infants\">Llegeix m\u00e9s\u00bb<\/a><\/p>\n","protected":false},"author":5,"featured_media":0,"comment_status":"open","ping_status":"closed","sticky":false,"template":"","format":"standard","meta":{"_bbp_topic_count":0,"_bbp_reply_count":0,"_bbp_total_topic_count":0,"_bbp_total_reply_count":0,"_bbp_voice_count":0,"_bbp_anonymous_reply_count":0,"_bbp_topic_count_hidden":0,"_bbp_reply_count_hidden":0,"_bbp_forum_subforum_count":0,"footnotes":""},"categories":[1,13,4,229,5],"tags":[],"class_list":["post-6650","post","type-post","status-publish","format-standard","hentry","category-general","category-p4","category-portada","category-portada-portada","category-primaria"],"post_mailing_queue_ids":[],"_links":{"self":[{"href":"https:\/\/agora.xtec.cat\/ceip-antoni-gaudi\/wp-json\/wp\/v2\/posts\/6650","targetHints":{"allow":["GET"]}}],"collection":[{"href":"https:\/\/agora.xtec.cat\/ceip-antoni-gaudi\/wp-json\/wp\/v2\/posts"}],"about":[{"href":"https:\/\/agora.xtec.cat\/ceip-antoni-gaudi\/wp-json\/wp\/v2\/types\/post"}],"author":[{"embeddable":true,"href":"https:\/\/agora.xtec.cat\/ceip-antoni-gaudi\/wp-json\/wp\/v2\/users\/5"}],"replies":[{"embeddable":true,"href":"https:\/\/agora.xtec.cat\/ceip-antoni-gaudi\/wp-json\/wp\/v2\/comments?post=6650"}],"version-history":[{"count":4,"href":"https:\/\/agora.xtec.cat\/ceip-antoni-gaudi\/wp-json\/wp\/v2\/posts\/6650\/revisions"}],"predecessor-version":[{"id":6688,"href":"https:\/\/agora.xtec.cat\/ceip-antoni-gaudi\/wp-json\/wp\/v2\/posts\/6650\/revisions\/6688"}],"wp:attachment":[{"href":"https:\/\/agora.xtec.cat\/ceip-antoni-gaudi\/wp-json\/wp\/v2\/media?parent=6650"}],"wp:term":[{"taxonomy":"category","embeddable":true,"href":"https:\/\/agora.xtec.cat\/ceip-antoni-gaudi\/wp-json\/wp\/v2\/categories?post=6650"},{"taxonomy":"post_tag","embeddable":true,"href":"https:\/\/agora.xtec.cat\/ceip-antoni-gaudi\/wp-json\/wp\/v2\/tags?post=6650"}],"curies":[{"name":"wp","href":"https:\/\/api.w.org\/{rel}","templated":true}]}}