{"id":6627,"date":"2023-11-24T09:47:56","date_gmt":"2023-11-24T08:47:56","guid":{"rendered":"https:\/\/agora.xtec.cat\/ceip-antoni-gaudi\/?p=6627"},"modified":"2023-11-24T09:47:56","modified_gmt":"2023-11-24T08:47:56","slug":"taller-infadimed-a-infantil","status":"publish","type":"post","link":"https:\/\/agora.xtec.cat\/ceip-antoni-gaudi\/general\/taller-infadimed-a-infantil\/","title":{"rendered":"Taller Infadimed a Infantil"},"content":{"rendered":"<p>A Infantil ens ha vingut la infermera a fer el <span style=\"color: #3366ff;\"><strong>taller Infadimed<\/strong><\/span>. Aquest consisteix a prendre consci\u00e8ncia sobre els <span style=\"color: #ff99cc;\"><strong>h\u00e0bits saludables<\/strong><\/span> amb el <strong><span style=\"color: #ff0000;\">C<\/span><span style=\"color: #ff6600;\">a<\/span><span style=\"color: #008000;\">p<\/span><span style=\"color: #ffcc00;\">i<\/span><span style=\"color: #993300;\">t<\/span><span style=\"color: #800080;\">\u00e0<\/span> <span style=\"color: #00ff00;\">V<\/span><span style=\"color: #00ccff;\">i<\/span><span style=\"color: #800000;\">t<\/span><span style=\"color: #ff00ff;\">a<\/span><span style=\"color: #0000ff;\">m<\/span><span style=\"color: #33cccc;\">i<\/span><span style=\"color: #cc99ff;\">n<\/span><span style=\"color: #ff9900;\">e<\/span><span style=\"color: #ff0000;\">s \ud83e\uddb8\ud83c\udffc\u200d\u2642\ufe0f\u200b<\/span><\/strong> com a protagonista, qui ens ha dit que en comptes de galetes\u200b\ud83c\udf6a i xocolata\ud83c\udf6b\u200b, hem de menjar m\u00e9s <strong><span style=\"color: #ff0000;\">fruita\ud83c\udf47\u200b\ud83c\udf4a\u200b\ud83c\udf4c\u200b\ud83c\udf4e\u200b\ud83c\udf50\u200b\ud83c\udf53<\/span> i <span style=\"color: #008000;\">verdura<\/span><\/strong> \u200b\ud83c\udf46\u200b\ud83e\udd6c\u200b\ud83e\udd54\u200b\ud83e\udd52\u200b\ud83e\udd55\u200bde temporada, i despr\u00e9s de cada \u00e0pat cal <span style=\"color: #808080;\"><strong>netejar-nos les dents\ud83e\uddb7<\/strong><\/span>!<\/p>\n<p><a href=\"https:\/\/photos.app.goo.gl\/eYnYDeTKnijofDkp9\"><img loading=\"lazy\" decoding=\"async\" class=\"size-medium wp-image-6630 aligncenter\" src=\"https:\/\/agora.xtec.cat\/ceip-antoni-gaudi\/wp-content\/uploads\/usu683\/2023\/11\/web-300x243.jpg\" alt=\"\" width=\"300\" height=\"243\" srcset=\"https:\/\/agora.xtec.cat\/ceip-antoni-gaudi\/wp-content\/uploads\/usu683\/2023\/11\/web-300x243.jpg 300w, https:\/\/agora.xtec.cat\/ceip-antoni-gaudi\/wp-content\/uploads\/usu683\/2023\/11\/web-1024x829.jpg 1024w, https:\/\/agora.xtec.cat\/ceip-antoni-gaudi\/wp-content\/uploads\/usu683\/2023\/11\/web-768x621.jpg 768w, https:\/\/agora.xtec.cat\/ceip-antoni-gaudi\/wp-content\/uploads\/usu683\/2023\/11\/web-1536x1243.jpg 1536w, https:\/\/agora.xtec.cat\/ceip-antoni-gaudi\/wp-content\/uploads\/usu683\/2023\/11\/web-2048x1657.jpg 2048w\" sizes=\"auto, (max-width: 300px) 100vw, 300px\" \/><\/a><\/p>\n","protected":false},"excerpt":{"rendered":"<p>A Infantil ens ha vingut la infermera a fer el taller Infadimed. Aquest consisteix a prendre consci\u00e8ncia sobre els h\u00e0bits saludables amb el Capit\u00e0 Vitamines \ud83e\uddb8\ud83c\udffc\u200d\u2642\ufe0f\u200b com a protagonista, qui ens ha dit que en comptes de galetes\u200b\ud83c\udf6a i xocolata\ud83c\udf6b\u200b, hem de menjar m\u00e9s fruita\ud83c\udf47\u200b\ud83c\udf4a\u200b\ud83c\udf4c\u200b\ud83c\udf4e\u200b\ud83c\udf50\u200b\ud83c\udf53&hellip;  <a href=\"https:\/\/agora.xtec.cat\/ceip-antoni-gaudi\/general\/taller-infadimed-a-infantil\/\" title=\"Read Taller Infadimed a Infantil\">Llegeix m\u00e9s\u00bb<\/a><\/p>\n","protected":false},"author":6,"featured_media":0,"comment_status":"open","ping_status":"closed","sticky":false,"template":"","format":"standard","meta":{"_bbp_topic_count":0,"_bbp_reply_count":0,"_bbp_total_topic_count":0,"_bbp_total_reply_count":0,"_bbp_voice_count":0,"_bbp_anonymous_reply_count":0,"_bbp_topic_count_hidden":0,"_bbp_reply_count_hidden":0,"_bbp_forum_subforum_count":0,"footnotes":""},"categories":[1,3,8,9,2,4,229],"tags":[],"class_list":["post-6627","post","type-post","status-publish","format-standard","hentry","category-general","category-i3","category-i4","category-i5","category-infantil","category-portada","category-portada-portada"],"post_mailing_queue_ids":[],"_links":{"self":[{"href":"https:\/\/agora.xtec.cat\/ceip-antoni-gaudi\/wp-json\/wp\/v2\/posts\/6627","targetHints":{"allow":["GET"]}}],"collection":[{"href":"https:\/\/agora.xtec.cat\/ceip-antoni-gaudi\/wp-json\/wp\/v2\/posts"}],"about":[{"href":"https:\/\/agora.xtec.cat\/ceip-antoni-gaudi\/wp-json\/wp\/v2\/types\/post"}],"author":[{"embeddable":true,"href":"https:\/\/agora.xtec.cat\/ceip-antoni-gaudi\/wp-json\/wp\/v2\/users\/6"}],"replies":[{"embeddable":true,"href":"https:\/\/agora.xtec.cat\/ceip-antoni-gaudi\/wp-json\/wp\/v2\/comments?post=6627"}],"version-history":[{"count":2,"href":"https:\/\/agora.xtec.cat\/ceip-antoni-gaudi\/wp-json\/wp\/v2\/posts\/6627\/revisions"}],"predecessor-version":[{"id":6633,"href":"https:\/\/agora.xtec.cat\/ceip-antoni-gaudi\/wp-json\/wp\/v2\/posts\/6627\/revisions\/6633"}],"wp:attachment":[{"href":"https:\/\/agora.xtec.cat\/ceip-antoni-gaudi\/wp-json\/wp\/v2\/media?parent=6627"}],"wp:term":[{"taxonomy":"category","embeddable":true,"href":"https:\/\/agora.xtec.cat\/ceip-antoni-gaudi\/wp-json\/wp\/v2\/categories?post=6627"},{"taxonomy":"post_tag","embeddable":true,"href":"https:\/\/agora.xtec.cat\/ceip-antoni-gaudi\/wp-json\/wp\/v2\/tags?post=6627"}],"curies":[{"name":"wp","href":"https:\/\/api.w.org\/{rel}","templated":true}]}}