{"id":6602,"date":"2023-11-17T11:42:41","date_gmt":"2023-11-17T10:42:41","guid":{"rendered":"https:\/\/agora.xtec.cat\/ceip-antoni-gaudi\/?p=6602"},"modified":"2023-11-17T11:45:29","modified_gmt":"2023-11-17T10:45:29","slug":"pintem-el-nostre-escut","status":"publish","type":"post","link":"https:\/\/agora.xtec.cat\/ceip-antoni-gaudi\/portada\/pintem-el-nostre-escut\/","title":{"rendered":"Pintem el nostre escut!"},"content":{"rendered":"<p style=\"text-align: left;\">Els nens i nenes de mitjans hem estat decorant i pintant el nostre escut per la porta de la classe, a m\u00e9s a m\u00e9s hem comen\u00e7at a donar-li color als nostres personatges, estem segurs que ens quedar\u00e0 molt i molt b\u00e9!<a href=\"https:\/\/photos.app.goo.gl\/UqigPMnWpGtMnuWr7\" target=\"_blank\" rel=\"noopener\"><img loading=\"lazy\" decoding=\"async\" class=\"aligncenter wp-image-6605 size-medium\" src=\"https:\/\/agora.xtec.cat\/ceip-antoni-gaudi\/wp-content\/uploads\/usu683\/2023\/11\/WhatsApp-Image-2023-11-16-at-17.32.17-300x225.jpeg\" alt=\"\" width=\"300\" height=\"225\" srcset=\"https:\/\/agora.xtec.cat\/ceip-antoni-gaudi\/wp-content\/uploads\/usu683\/2023\/11\/WhatsApp-Image-2023-11-16-at-17.32.17-300x225.jpeg 300w, https:\/\/agora.xtec.cat\/ceip-antoni-gaudi\/wp-content\/uploads\/usu683\/2023\/11\/WhatsApp-Image-2023-11-16-at-17.32.17-1024x768.jpeg 1024w, https:\/\/agora.xtec.cat\/ceip-antoni-gaudi\/wp-content\/uploads\/usu683\/2023\/11\/WhatsApp-Image-2023-11-16-at-17.32.17-768x576.jpeg 768w, https:\/\/agora.xtec.cat\/ceip-antoni-gaudi\/wp-content\/uploads\/usu683\/2023\/11\/WhatsApp-Image-2023-11-16-at-17.32.17-1536x1152.jpeg 1536w, https:\/\/agora.xtec.cat\/ceip-antoni-gaudi\/wp-content\/uploads\/usu683\/2023\/11\/WhatsApp-Image-2023-11-16-at-17.32.17-200x150.jpeg 200w, https:\/\/agora.xtec.cat\/ceip-antoni-gaudi\/wp-content\/uploads\/usu683\/2023\/11\/WhatsApp-Image-2023-11-16-at-17.32.17.jpeg 2000w\" sizes=\"auto, (max-width: 300px) 100vw, 300px\" \/><\/a><\/p>\n","protected":false},"excerpt":{"rendered":"<p>Els nens i nenes de mitjans hem estat decorant i pintant el nostre escut per la porta de la classe, a m\u00e9s a m\u00e9s hem comen\u00e7at a donar-li color als nostres personatges, estem segurs que ens quedar\u00e0 molt i molt b\u00e9!<a href=\"https:\/\/photos.app.goo.gl\/UqigPMnWpGtMnuWr7\" target=\"_blank\" rel=\"noopener\"><\/a><\/p>\n","protected":false},"author":4,"featured_media":0,"comment_status":"open","ping_status":"closed","sticky":false,"template":"","format":"standard","meta":{"_bbp_topic_count":0,"_bbp_reply_count":0,"_bbp_total_topic_count":0,"_bbp_total_reply_count":0,"_bbp_voice_count":0,"_bbp_anonymous_reply_count":0,"_bbp_topic_count_hidden":0,"_bbp_reply_count_hidden":0,"_bbp_forum_subforum_count":0,"footnotes":""},"categories":[11,4],"tags":[],"class_list":["post-6602","post","type-post","status-publish","format-standard","hentry","category-p2","category-portada"],"post_mailing_queue_ids":[],"_links":{"self":[{"href":"https:\/\/agora.xtec.cat\/ceip-antoni-gaudi\/wp-json\/wp\/v2\/posts\/6602","targetHints":{"allow":["GET"]}}],"collection":[{"href":"https:\/\/agora.xtec.cat\/ceip-antoni-gaudi\/wp-json\/wp\/v2\/posts"}],"about":[{"href":"https:\/\/agora.xtec.cat\/ceip-antoni-gaudi\/wp-json\/wp\/v2\/types\/post"}],"author":[{"embeddable":true,"href":"https:\/\/agora.xtec.cat\/ceip-antoni-gaudi\/wp-json\/wp\/v2\/users\/4"}],"replies":[{"embeddable":true,"href":"https:\/\/agora.xtec.cat\/ceip-antoni-gaudi\/wp-json\/wp\/v2\/comments?post=6602"}],"version-history":[{"count":2,"href":"https:\/\/agora.xtec.cat\/ceip-antoni-gaudi\/wp-json\/wp\/v2\/posts\/6602\/revisions"}],"predecessor-version":[{"id":6606,"href":"https:\/\/agora.xtec.cat\/ceip-antoni-gaudi\/wp-json\/wp\/v2\/posts\/6602\/revisions\/6606"}],"wp:attachment":[{"href":"https:\/\/agora.xtec.cat\/ceip-antoni-gaudi\/wp-json\/wp\/v2\/media?parent=6602"}],"wp:term":[{"taxonomy":"category","embeddable":true,"href":"https:\/\/agora.xtec.cat\/ceip-antoni-gaudi\/wp-json\/wp\/v2\/categories?post=6602"},{"taxonomy":"post_tag","embeddable":true,"href":"https:\/\/agora.xtec.cat\/ceip-antoni-gaudi\/wp-json\/wp\/v2\/tags?post=6602"}],"curies":[{"name":"wp","href":"https:\/\/api.w.org\/{rel}","templated":true}]}}