{"id":6582,"date":"2023-11-13T09:16:19","date_gmt":"2023-11-13T08:16:19","guid":{"rendered":"https:\/\/agora.xtec.cat\/ceip-antoni-gaudi\/?p=6582"},"modified":"2023-11-13T09:20:55","modified_gmt":"2023-11-13T08:20:55","slug":"biblioteca-mobil","status":"publish","type":"post","link":"https:\/\/agora.xtec.cat\/ceip-antoni-gaudi\/general\/biblioteca-mobil\/","title":{"rendered":"BIBLIOTECA M\u00d2BIL"},"content":{"rendered":"<p>Un cop a la setmana, a la classe dels Invisibles (P1B) i dels R\u00e0pids i R\u00e0pides (P1A) arriba la Biblioteca M\u00f2bil carregada de llibres molt interessants dels que disfrutem i aprenem molt quan els mirem. Son llibres de diferents tem\u00e0tiques: cient\u00edfics, d&#8217;animals, de curiositats, de medi ambient,&#8230; que ens enganxem i ens fan passar una bona estona de lectura.<\/p>\n<p>Clica la <img loading=\"lazy\" decoding=\"async\" class=\"\" src=\"https:\/\/images.emojiterra.com\/google\/noto-emoji\/unicode-15\/color\/share\/1f4f7.jpg\" alt=\"\ud83d\udcf7 C\u00e1mara De Fotos Emoji\" width=\"30\" height=\"16\" \/>per veure m\u00e9s imatges.<\/p>\n<p><a href=\"https:\/\/photos.app.goo.gl\/gFkh5jhQMD6E54Yw6\" target=\"_blank\" rel=\"noopener\"><img loading=\"lazy\" decoding=\"async\" class=\"aligncenter size-medium wp-image-6583\" src=\"https:\/\/agora.xtec.cat\/ceip-antoni-gaudi\/wp-content\/uploads\/usu683\/2023\/11\/WhatsApp-Image-2023-11-13-at-09.11.53-225x300.jpeg\" alt=\"\" width=\"225\" height=\"300\" srcset=\"https:\/\/agora.xtec.cat\/ceip-antoni-gaudi\/wp-content\/uploads\/usu683\/2023\/11\/WhatsApp-Image-2023-11-13-at-09.11.53-225x300.jpeg 225w, https:\/\/agora.xtec.cat\/ceip-antoni-gaudi\/wp-content\/uploads\/usu683\/2023\/11\/WhatsApp-Image-2023-11-13-at-09.11.53.jpeg 768w\" sizes=\"auto, (max-width: 225px) 100vw, 225px\" \/><\/a><\/p>\n","protected":false},"excerpt":{"rendered":"<p>Un cop a la setmana, a la classe dels Invisibles (P1B) i dels R\u00e0pids i R\u00e0pides (P1A) arriba la Biblioteca M\u00f2bil carregada de llibres molt interessants dels que disfrutem i aprenem molt quan els mirem. Son llibres de diferents tem\u00e0tiques: cient\u00edfics, d&#8217;animals, de curiositats, de&hellip;  <a href=\"https:\/\/agora.xtec.cat\/ceip-antoni-gaudi\/general\/biblioteca-mobil\/\" title=\"Read BIBLIOTECA M\u00d2BIL\">Llegeix m\u00e9s\u00bb<\/a><\/p>\n","protected":false},"author":4,"featured_media":0,"comment_status":"open","ping_status":"closed","sticky":false,"template":"","format":"standard","meta":{"_bbp_topic_count":0,"_bbp_reply_count":0,"_bbp_total_topic_count":0,"_bbp_total_reply_count":0,"_bbp_voice_count":0,"_bbp_anonymous_reply_count":0,"_bbp_topic_count_hidden":0,"_bbp_reply_count_hidden":0,"_bbp_forum_subforum_count":0,"footnotes":""},"categories":[1,10,4,229,5],"tags":[],"class_list":["post-6582","post","type-post","status-publish","format-standard","hentry","category-general","category-p1","category-portada","category-portada-portada","category-primaria"],"post_mailing_queue_ids":[],"_links":{"self":[{"href":"https:\/\/agora.xtec.cat\/ceip-antoni-gaudi\/wp-json\/wp\/v2\/posts\/6582","targetHints":{"allow":["GET"]}}],"collection":[{"href":"https:\/\/agora.xtec.cat\/ceip-antoni-gaudi\/wp-json\/wp\/v2\/posts"}],"about":[{"href":"https:\/\/agora.xtec.cat\/ceip-antoni-gaudi\/wp-json\/wp\/v2\/types\/post"}],"author":[{"embeddable":true,"href":"https:\/\/agora.xtec.cat\/ceip-antoni-gaudi\/wp-json\/wp\/v2\/users\/4"}],"replies":[{"embeddable":true,"href":"https:\/\/agora.xtec.cat\/ceip-antoni-gaudi\/wp-json\/wp\/v2\/comments?post=6582"}],"version-history":[{"count":2,"href":"https:\/\/agora.xtec.cat\/ceip-antoni-gaudi\/wp-json\/wp\/v2\/posts\/6582\/revisions"}],"predecessor-version":[{"id":6585,"href":"https:\/\/agora.xtec.cat\/ceip-antoni-gaudi\/wp-json\/wp\/v2\/posts\/6582\/revisions\/6585"}],"wp:attachment":[{"href":"https:\/\/agora.xtec.cat\/ceip-antoni-gaudi\/wp-json\/wp\/v2\/media?parent=6582"}],"wp:term":[{"taxonomy":"category","embeddable":true,"href":"https:\/\/agora.xtec.cat\/ceip-antoni-gaudi\/wp-json\/wp\/v2\/categories?post=6582"},{"taxonomy":"post_tag","embeddable":true,"href":"https:\/\/agora.xtec.cat\/ceip-antoni-gaudi\/wp-json\/wp\/v2\/tags?post=6582"}],"curies":[{"name":"wp","href":"https:\/\/api.w.org\/{rel}","templated":true}]}}