{"id":6576,"date":"2023-11-14T11:32:16","date_gmt":"2023-11-14T10:32:16","guid":{"rendered":"https:\/\/agora.xtec.cat\/ceip-antoni-gaudi\/?p=6576"},"modified":"2023-11-14T11:32:16","modified_gmt":"2023-11-14T10:32:16","slug":"racons-de-llengua-a-infantil","status":"publish","type":"post","link":"https:\/\/agora.xtec.cat\/ceip-antoni-gaudi\/general\/racons-de-llengua-a-infantil\/","title":{"rendered":"Racons de llengua a Infantil"},"content":{"rendered":"<p>Treballar la <strong>lectoescriptura<\/strong> \u270d\ufe0f\u200b\ud83d\udc40 a Infantil \u00e9s molt important, i per aix\u00f2 cada setmana ho treballem tamb\u00e9 fent <strong>racons de llengua<\/strong>: fer lletres amb plastilina<img loading=\"lazy\" decoding=\"async\" class=\"\" src=\"https:\/\/encrypted-tbn0.gstatic.com\/images?q=tbn:ANd9GcSC_mbxvzneKkN4S4Y7Bz-WGYRJxE6DtIv7ZMhLN-l63VtpVEUp8aHaY1JED789vLe5W2w&amp;usqp=CAU\" alt=\"Verde Del Mel\u00f3n De Agua Hecha De Plastilina En Concepto De Fruta Fotos, retratos, im\u00e1genes y fotograf\u00eda de archivo libres de derecho. Image 50667627\" width=\"29\" height=\"29\" \/><img loading=\"lazy\" decoding=\"async\" class=\"\" src=\"https:\/\/media.istockphoto.com\/id\/643525784\/es\/foto\/letras-color-de-plastilina-aislado-sobre-fondo-blanco.jpg?s=612x612&amp;w=0&amp;k=20&amp;c=JMQZDQcdOmA4BRx0GKsQuGSahSXNeSLjUdMfLCY13rg=\" alt=\"Letras Color De Plastilina Aislado Sobre Fondo Blanco Foto de stock y m\u00e1s banco de im\u00e1genes de Arcilla para moldear - iStock\" width=\"41\" height=\"27\" \/><img loading=\"lazy\" decoding=\"async\" class=\"\" src=\"https:\/\/encrypted-tbn0.gstatic.com\/images?q=tbn:ANd9GcSC_mbxvzneKkN4S4Y7Bz-WGYRJxE6DtIv7ZMhLN-l63VtpVEUp8aHaY1JED789vLe5W2w&amp;usqp=CAU\" alt=\"Verde Del Mel\u00f3n De Agua Hecha De Plastilina En Concepto De Fruta Fotos, retratos, im\u00e1genes y fotograf\u00eda de archivo libres de derecho. Image 50667627\" width=\"29\" height=\"29\" \/>, muntar i escriure\u270f\ufe0f el nostre nom, resseguir, copiar paraules i molt m\u00e9s!<\/p>\n<p>Cliqueu a les \ud83d\udcf8\u200b per veure&#8217;n \u2795\u200b.<\/p>\n<p><a href=\"https:\/\/photos.app.goo.gl\/LLHpwxfZwKJ4CnbeA\"><img loading=\"lazy\" decoding=\"async\" class=\"alignnone wp-image-6589\" src=\"https:\/\/agora.xtec.cat\/ceip-antoni-gaudi\/wp-content\/uploads\/usu683\/2023\/11\/Copia-de-Copia-de-foto-web-5-300x212.jpg\" alt=\"\" width=\"197\" height=\"139\" srcset=\"https:\/\/agora.xtec.cat\/ceip-antoni-gaudi\/wp-content\/uploads\/usu683\/2023\/11\/Copia-de-Copia-de-foto-web-5-300x212.jpg 300w, https:\/\/agora.xtec.cat\/ceip-antoni-gaudi\/wp-content\/uploads\/usu683\/2023\/11\/Copia-de-Copia-de-foto-web-5-1024x724.jpg 1024w, https:\/\/agora.xtec.cat\/ceip-antoni-gaudi\/wp-content\/uploads\/usu683\/2023\/11\/Copia-de-Copia-de-foto-web-5-768x543.jpg 768w, https:\/\/agora.xtec.cat\/ceip-antoni-gaudi\/wp-content\/uploads\/usu683\/2023\/11\/Copia-de-Copia-de-foto-web-5-1536x1086.jpg 1536w, https:\/\/agora.xtec.cat\/ceip-antoni-gaudi\/wp-content\/uploads\/usu683\/2023\/11\/Copia-de-Copia-de-foto-web-5.jpg 2000w\" sizes=\"auto, (max-width: 197px) 100vw, 197px\" \/><\/a> <a href=\"https:\/\/photos.app.goo.gl\/BL3bsmZT2X7bFXHj7\"><img loading=\"lazy\" decoding=\"async\" class=\"alignnone wp-image-6590\" src=\"https:\/\/agora.xtec.cat\/ceip-antoni-gaudi\/wp-content\/uploads\/usu683\/2023\/11\/Copia-de-Copia-de-foto-web-4-300x212.jpg\" alt=\"\" width=\"201\" height=\"142\" srcset=\"https:\/\/agora.xtec.cat\/ceip-antoni-gaudi\/wp-content\/uploads\/usu683\/2023\/11\/Copia-de-Copia-de-foto-web-4-300x212.jpg 300w, https:\/\/agora.xtec.cat\/ceip-antoni-gaudi\/wp-content\/uploads\/usu683\/2023\/11\/Copia-de-Copia-de-foto-web-4-1024x724.jpg 1024w, https:\/\/agora.xtec.cat\/ceip-antoni-gaudi\/wp-content\/uploads\/usu683\/2023\/11\/Copia-de-Copia-de-foto-web-4-768x543.jpg 768w, https:\/\/agora.xtec.cat\/ceip-antoni-gaudi\/wp-content\/uploads\/usu683\/2023\/11\/Copia-de-Copia-de-foto-web-4-1536x1086.jpg 1536w, https:\/\/agora.xtec.cat\/ceip-antoni-gaudi\/wp-content\/uploads\/usu683\/2023\/11\/Copia-de-Copia-de-foto-web-4.jpg 2000w\" sizes=\"auto, (max-width: 201px) 100vw, 201px\" \/><\/a> <a href=\"https:\/\/photos.app.goo.gl\/4YpH9FYeCqWyfZ8u5\"><img loading=\"lazy\" decoding=\"async\" class=\"alignnone wp-image-6591\" src=\"https:\/\/agora.xtec.cat\/ceip-antoni-gaudi\/wp-content\/uploads\/usu683\/2023\/11\/Copia-de-Copia-de-foto-web-3-300x212.jpg\" alt=\"\" width=\"200\" height=\"141\" srcset=\"https:\/\/agora.xtec.cat\/ceip-antoni-gaudi\/wp-content\/uploads\/usu683\/2023\/11\/Copia-de-Copia-de-foto-web-3-300x212.jpg 300w, https:\/\/agora.xtec.cat\/ceip-antoni-gaudi\/wp-content\/uploads\/usu683\/2023\/11\/Copia-de-Copia-de-foto-web-3-1024x724.jpg 1024w, https:\/\/agora.xtec.cat\/ceip-antoni-gaudi\/wp-content\/uploads\/usu683\/2023\/11\/Copia-de-Copia-de-foto-web-3-768x543.jpg 768w, https:\/\/agora.xtec.cat\/ceip-antoni-gaudi\/wp-content\/uploads\/usu683\/2023\/11\/Copia-de-Copia-de-foto-web-3-1536x1086.jpg 1536w, https:\/\/agora.xtec.cat\/ceip-antoni-gaudi\/wp-content\/uploads\/usu683\/2023\/11\/Copia-de-Copia-de-foto-web-3.jpg 2000w\" sizes=\"auto, (max-width: 200px) 100vw, 200px\" \/><\/a><\/p>\n","protected":false},"excerpt":{"rendered":"<p>Treballar la lectoescriptura \u270d\ufe0f\u200b\ud83d\udc40 a Infantil \u00e9s molt important, i per aix\u00f2 cada setmana ho treballem tamb\u00e9 fent racons de llengua: fer lletres amb plastilina, muntar i escriure\u270f\ufe0f el nostre nom, resseguir, copiar paraules i molt m\u00e9s!<br \/>\nCliqueu a les \ud83d\udcf8\u200b per veure&#8217;n \u2795\u200b.<br \/>\n<a href=\"https:\/\/photos.app.goo.gl\/LLHpwxfZwKJ4CnbeA\"><\/a> <a&hellip;  <a href=\"https:\/\/agora.xtec.cat\/ceip-antoni-gaudi\/general\/racons-de-llengua-a-infantil\/\" title=\"Read Racons de llengua a Infantil\">Llegeix m\u00e9s\u00bb<\/a><\/p>\n","protected":false},"author":6,"featured_media":0,"comment_status":"open","ping_status":"closed","sticky":false,"template":"","format":"standard","meta":{"_bbp_topic_count":0,"_bbp_reply_count":0,"_bbp_total_topic_count":0,"_bbp_total_reply_count":0,"_bbp_voice_count":0,"_bbp_anonymous_reply_count":0,"_bbp_topic_count_hidden":0,"_bbp_reply_count_hidden":0,"_bbp_forum_subforum_count":0,"footnotes":""},"categories":[1,3,8,9,2,4,229],"tags":[],"class_list":["post-6576","post","type-post","status-publish","format-standard","hentry","category-general","category-i3","category-i4","category-i5","category-infantil","category-portada","category-portada-portada"],"post_mailing_queue_ids":[],"_links":{"self":[{"href":"https:\/\/agora.xtec.cat\/ceip-antoni-gaudi\/wp-json\/wp\/v2\/posts\/6576","targetHints":{"allow":["GET"]}}],"collection":[{"href":"https:\/\/agora.xtec.cat\/ceip-antoni-gaudi\/wp-json\/wp\/v2\/posts"}],"about":[{"href":"https:\/\/agora.xtec.cat\/ceip-antoni-gaudi\/wp-json\/wp\/v2\/types\/post"}],"author":[{"embeddable":true,"href":"https:\/\/agora.xtec.cat\/ceip-antoni-gaudi\/wp-json\/wp\/v2\/users\/6"}],"replies":[{"embeddable":true,"href":"https:\/\/agora.xtec.cat\/ceip-antoni-gaudi\/wp-json\/wp\/v2\/comments?post=6576"}],"version-history":[{"count":3,"href":"https:\/\/agora.xtec.cat\/ceip-antoni-gaudi\/wp-json\/wp\/v2\/posts\/6576\/revisions"}],"predecessor-version":[{"id":6593,"href":"https:\/\/agora.xtec.cat\/ceip-antoni-gaudi\/wp-json\/wp\/v2\/posts\/6576\/revisions\/6593"}],"wp:attachment":[{"href":"https:\/\/agora.xtec.cat\/ceip-antoni-gaudi\/wp-json\/wp\/v2\/media?parent=6576"}],"wp:term":[{"taxonomy":"category","embeddable":true,"href":"https:\/\/agora.xtec.cat\/ceip-antoni-gaudi\/wp-json\/wp\/v2\/categories?post=6576"},{"taxonomy":"post_tag","embeddable":true,"href":"https:\/\/agora.xtec.cat\/ceip-antoni-gaudi\/wp-json\/wp\/v2\/tags?post=6576"}],"curies":[{"name":"wp","href":"https:\/\/api.w.org\/{rel}","templated":true}]}}