{"id":6570,"date":"2023-11-07T10:18:38","date_gmt":"2023-11-07T09:18:38","guid":{"rendered":"https:\/\/agora.xtec.cat\/ceip-antoni-gaudi\/?p=6570"},"modified":"2023-11-07T10:18:38","modified_gmt":"2023-11-07T09:18:38","slug":"treballem-racons-de-catala-a-p4","status":"publish","type":"post","link":"https:\/\/agora.xtec.cat\/ceip-antoni-gaudi\/general\/treballem-racons-de-catala-a-p4\/","title":{"rendered":"Treballem Racons de Catal\u00e0 a P4!"},"content":{"rendered":"<p>Els infants de P4 estem treballant diferents continguts en els racons de catal\u00e0, entre els quals ja hem comen\u00e7at a aprofundir en els adjectius i els camps sem\u00e0ntics. Durant dues setmanes hem fet activitats manipulatives i did\u00e0ctiques i la setmana seg\u00fcent ens hem centrat a posar-ho en pr\u00e0ctica dins de l&#8217;aula amb unes fitxes.<\/p>\n<p>Cliqueu aqu\u00ed per veure m\u00e9s fotografies<\/p>\n<p><a href=\"https:\/\/photos.app.goo.gl\/4ej5YWR2CEoSrpM9A\"><img loading=\"lazy\" decoding=\"async\" class=\"alignnone size-medium wp-image-6571\" src=\"https:\/\/agora.xtec.cat\/ceip-antoni-gaudi\/wp-content\/uploads\/usu683\/2023\/11\/IMG_0417-300x225.jpg\" alt=\"\" width=\"300\" height=\"225\" srcset=\"https:\/\/agora.xtec.cat\/ceip-antoni-gaudi\/wp-content\/uploads\/usu683\/2023\/11\/IMG_0417-300x225.jpg 300w, https:\/\/agora.xtec.cat\/ceip-antoni-gaudi\/wp-content\/uploads\/usu683\/2023\/11\/IMG_0417-1024x768.jpg 1024w, https:\/\/agora.xtec.cat\/ceip-antoni-gaudi\/wp-content\/uploads\/usu683\/2023\/11\/IMG_0417-768x576.jpg 768w, https:\/\/agora.xtec.cat\/ceip-antoni-gaudi\/wp-content\/uploads\/usu683\/2023\/11\/IMG_0417-1536x1152.jpg 1536w, https:\/\/agora.xtec.cat\/ceip-antoni-gaudi\/wp-content\/uploads\/usu683\/2023\/11\/IMG_0417-2048x1536.jpg 2048w, https:\/\/agora.xtec.cat\/ceip-antoni-gaudi\/wp-content\/uploads\/usu683\/2023\/11\/IMG_0417-200x150.jpg 200w\" sizes=\"auto, (max-width: 300px) 100vw, 300px\" \/><\/a><\/p>\n","protected":false},"excerpt":{"rendered":"<p>Els infants de P4 estem treballant diferents continguts en els racons de catal\u00e0, entre els quals ja hem comen\u00e7at a aprofundir en els adjectius i els camps sem\u00e0ntics. Durant dues setmanes hem fet activitats manipulatives i did\u00e0ctiques i la setmana seg\u00fcent ens hem centrat a&hellip;  <a href=\"https:\/\/agora.xtec.cat\/ceip-antoni-gaudi\/general\/treballem-racons-de-catala-a-p4\/\" title=\"Read Treballem Racons de Catal\u00e0 a P4!\">Llegeix m\u00e9s\u00bb<\/a><\/p>\n","protected":false},"author":5,"featured_media":6571,"comment_status":"open","ping_status":"closed","sticky":false,"template":"","format":"standard","meta":{"_bbp_topic_count":0,"_bbp_reply_count":0,"_bbp_total_topic_count":0,"_bbp_total_reply_count":0,"_bbp_voice_count":0,"_bbp_anonymous_reply_count":0,"_bbp_topic_count_hidden":0,"_bbp_reply_count_hidden":0,"_bbp_forum_subforum_count":0,"footnotes":""},"categories":[1,13,4,229,5],"tags":[],"class_list":["post-6570","post","type-post","status-publish","format-standard","has-post-thumbnail","hentry","category-general","category-p4","category-portada","category-portada-portada","category-primaria"],"post_mailing_queue_ids":[],"_links":{"self":[{"href":"https:\/\/agora.xtec.cat\/ceip-antoni-gaudi\/wp-json\/wp\/v2\/posts\/6570","targetHints":{"allow":["GET"]}}],"collection":[{"href":"https:\/\/agora.xtec.cat\/ceip-antoni-gaudi\/wp-json\/wp\/v2\/posts"}],"about":[{"href":"https:\/\/agora.xtec.cat\/ceip-antoni-gaudi\/wp-json\/wp\/v2\/types\/post"}],"author":[{"embeddable":true,"href":"https:\/\/agora.xtec.cat\/ceip-antoni-gaudi\/wp-json\/wp\/v2\/users\/5"}],"replies":[{"embeddable":true,"href":"https:\/\/agora.xtec.cat\/ceip-antoni-gaudi\/wp-json\/wp\/v2\/comments?post=6570"}],"version-history":[{"count":1,"href":"https:\/\/agora.xtec.cat\/ceip-antoni-gaudi\/wp-json\/wp\/v2\/posts\/6570\/revisions"}],"predecessor-version":[{"id":6572,"href":"https:\/\/agora.xtec.cat\/ceip-antoni-gaudi\/wp-json\/wp\/v2\/posts\/6570\/revisions\/6572"}],"wp:featuredmedia":[{"embeddable":true,"href":"https:\/\/agora.xtec.cat\/ceip-antoni-gaudi\/wp-json\/wp\/v2\/media\/6571"}],"wp:attachment":[{"href":"https:\/\/agora.xtec.cat\/ceip-antoni-gaudi\/wp-json\/wp\/v2\/media?parent=6570"}],"wp:term":[{"taxonomy":"category","embeddable":true,"href":"https:\/\/agora.xtec.cat\/ceip-antoni-gaudi\/wp-json\/wp\/v2\/categories?post=6570"},{"taxonomy":"post_tag","embeddable":true,"href":"https:\/\/agora.xtec.cat\/ceip-antoni-gaudi\/wp-json\/wp\/v2\/tags?post=6570"}],"curies":[{"name":"wp","href":"https:\/\/api.w.org\/{rel}","templated":true}]}}