{"id":6422,"date":"2023-10-17T12:27:27","date_gmt":"2023-10-17T10:27:27","guid":{"rendered":"https:\/\/agora.xtec.cat\/ceip-antoni-gaudi\/?p=6422"},"modified":"2023-10-17T12:27:27","modified_gmt":"2023-10-17T10:27:27","slug":"a-p6-treballem-per-racons","status":"publish","type":"post","link":"https:\/\/agora.xtec.cat\/ceip-antoni-gaudi\/general\/a-p6-treballem-per-racons\/","title":{"rendered":"A P6 treballem per racons!"},"content":{"rendered":"<p>A l&#8217;escola treballem l&#8217;ortografia i la gram\u00e0tica a trav\u00e9s de racons. Els racons s\u00f3n diferents activitats per practicar tot all\u00f2 qu\u00e8 els i les alumnes han apr\u00e8s durant les sessions anteriors, alhora serveix per treballar amb diferents agrupacions i diferents materials. Un dels racons es fa amb els Chromebooks, els altres s\u00f3n materials m\u00e9s manipulatius i jocs dirigits a aprendre el que es treballa a l&#8217;aula.<\/p>\n<p>Cliqueu per veure fotografies.<\/p>\n<p><a href=\"https:\/\/photos.app.goo.gl\/65PVdyAwjaSeeum48\"><img loading=\"lazy\" decoding=\"async\" class=\"alignnone size-medium wp-image-6423\" src=\"https:\/\/agora.xtec.cat\/ceip-antoni-gaudi\/wp-content\/uploads\/usu683\/2023\/10\/IMG-20231017-WA0002-225x300.jpg\" alt=\"\" width=\"225\" height=\"300\" srcset=\"https:\/\/agora.xtec.cat\/ceip-antoni-gaudi\/wp-content\/uploads\/usu683\/2023\/10\/IMG-20231017-WA0002-225x300.jpg 225w, https:\/\/agora.xtec.cat\/ceip-antoni-gaudi\/wp-content\/uploads\/usu683\/2023\/10\/IMG-20231017-WA0002-768x1024.jpg 768w, https:\/\/agora.xtec.cat\/ceip-antoni-gaudi\/wp-content\/uploads\/usu683\/2023\/10\/IMG-20231017-WA0002-1152x1536.jpg 1152w, https:\/\/agora.xtec.cat\/ceip-antoni-gaudi\/wp-content\/uploads\/usu683\/2023\/10\/IMG-20231017-WA0002.jpg 1536w\" sizes=\"auto, (max-width: 225px) 100vw, 225px\" \/><\/a><\/p>\n","protected":false},"excerpt":{"rendered":"<p>A l&#8217;escola treballem l&#8217;ortografia i la gram\u00e0tica a trav\u00e9s de racons. Els racons s\u00f3n diferents activitats per practicar tot all\u00f2 qu\u00e8 els i les alumnes han apr\u00e8s durant les sessions anteriors, alhora serveix per treballar amb diferents agrupacions i diferents materials. Un dels racons es&hellip;  <a href=\"https:\/\/agora.xtec.cat\/ceip-antoni-gaudi\/general\/a-p6-treballem-per-racons\/\" title=\"Read A P6 treballem per racons!\">Llegeix m\u00e9s\u00bb<\/a><\/p>\n","protected":false},"author":5,"featured_media":6423,"comment_status":"open","ping_status":"closed","sticky":false,"template":"","format":"standard","meta":{"_bbp_topic_count":0,"_bbp_reply_count":0,"_bbp_total_topic_count":0,"_bbp_total_reply_count":0,"_bbp_voice_count":0,"_bbp_anonymous_reply_count":0,"_bbp_topic_count_hidden":0,"_bbp_reply_count_hidden":0,"_bbp_forum_subforum_count":0,"footnotes":""},"categories":[1,15,4,229,5],"tags":[],"class_list":["post-6422","post","type-post","status-publish","format-standard","has-post-thumbnail","hentry","category-general","category-p6","category-portada","category-portada-portada","category-primaria"],"post_mailing_queue_ids":[],"_links":{"self":[{"href":"https:\/\/agora.xtec.cat\/ceip-antoni-gaudi\/wp-json\/wp\/v2\/posts\/6422","targetHints":{"allow":["GET"]}}],"collection":[{"href":"https:\/\/agora.xtec.cat\/ceip-antoni-gaudi\/wp-json\/wp\/v2\/posts"}],"about":[{"href":"https:\/\/agora.xtec.cat\/ceip-antoni-gaudi\/wp-json\/wp\/v2\/types\/post"}],"author":[{"embeddable":true,"href":"https:\/\/agora.xtec.cat\/ceip-antoni-gaudi\/wp-json\/wp\/v2\/users\/5"}],"replies":[{"embeddable":true,"href":"https:\/\/agora.xtec.cat\/ceip-antoni-gaudi\/wp-json\/wp\/v2\/comments?post=6422"}],"version-history":[{"count":2,"href":"https:\/\/agora.xtec.cat\/ceip-antoni-gaudi\/wp-json\/wp\/v2\/posts\/6422\/revisions"}],"predecessor-version":[{"id":6425,"href":"https:\/\/agora.xtec.cat\/ceip-antoni-gaudi\/wp-json\/wp\/v2\/posts\/6422\/revisions\/6425"}],"wp:featuredmedia":[{"embeddable":true,"href":"https:\/\/agora.xtec.cat\/ceip-antoni-gaudi\/wp-json\/wp\/v2\/media\/6423"}],"wp:attachment":[{"href":"https:\/\/agora.xtec.cat\/ceip-antoni-gaudi\/wp-json\/wp\/v2\/media?parent=6422"}],"wp:term":[{"taxonomy":"category","embeddable":true,"href":"https:\/\/agora.xtec.cat\/ceip-antoni-gaudi\/wp-json\/wp\/v2\/categories?post=6422"},{"taxonomy":"post_tag","embeddable":true,"href":"https:\/\/agora.xtec.cat\/ceip-antoni-gaudi\/wp-json\/wp\/v2\/tags?post=6422"}],"curies":[{"name":"wp","href":"https:\/\/api.w.org\/{rel}","templated":true}]}}