{"id":6410,"date":"2023-10-16T09:29:16","date_gmt":"2023-10-16T07:29:16","guid":{"rendered":"https:\/\/agora.xtec.cat\/ceip-antoni-gaudi\/?p=6410"},"modified":"2023-10-16T09:30:13","modified_gmt":"2023-10-16T07:30:13","slug":"superheroi-a-artcraft","status":"publish","type":"post","link":"https:\/\/agora.xtec.cat\/ceip-antoni-gaudi\/general\/superheroi-a-artcraft\/","title":{"rendered":"Superheroi a ART&#038;CRAFT !"},"content":{"rendered":"<p>Durant aquests dies els alumnes de P6 han pogut crear el seu superheroi a l&#8217;\u00e0rea d&#8217;ART&amp;CRAFT.<br \/>\nHa estat una activitat on han fet servir diferents t\u00e8cniques: pintura, retalls, i altres materials on fent servir la seva imaginaci\u00f3 per a plasmar la seva creativitat. A m\u00e9s ho fan practicant la llengua anglesa i adquirint nou vocabulari a trav\u00e9s de l&#8217;art.<\/p>\n<p>Cliqueu per veure fotografies.<\/p>\n<p><a href=\"https:\/\/photos.google.com\/u\/4\/share\/AF1QipPRDDr7dZgsB6EQgCKyOlrJmmYFRRjzX7cfbP2GVt4ISNy8WKdwlv6yLtlGyvpVjQ?key=TEktelVHMGx6MXpMaE5YWlYtYVJ1YjQzQXhYMDBn\"><img loading=\"lazy\" decoding=\"async\" class=\"alignnone wp-image-6413\" src=\"https:\/\/agora.xtec.cat\/ceip-antoni-gaudi\/wp-content\/uploads\/usu683\/2023\/10\/IMG_1881-2-300x225.jpg\" alt=\"\" width=\"349\" height=\"262\" srcset=\"https:\/\/agora.xtec.cat\/ceip-antoni-gaudi\/wp-content\/uploads\/usu683\/2023\/10\/IMG_1881-2-300x225.jpg 300w, https:\/\/agora.xtec.cat\/ceip-antoni-gaudi\/wp-content\/uploads\/usu683\/2023\/10\/IMG_1881-2-1024x768.jpg 1024w, https:\/\/agora.xtec.cat\/ceip-antoni-gaudi\/wp-content\/uploads\/usu683\/2023\/10\/IMG_1881-2-768x576.jpg 768w, https:\/\/agora.xtec.cat\/ceip-antoni-gaudi\/wp-content\/uploads\/usu683\/2023\/10\/IMG_1881-2-1536x1152.jpg 1536w, https:\/\/agora.xtec.cat\/ceip-antoni-gaudi\/wp-content\/uploads\/usu683\/2023\/10\/IMG_1881-2-2048x1536.jpg 2048w, https:\/\/agora.xtec.cat\/ceip-antoni-gaudi\/wp-content\/uploads\/usu683\/2023\/10\/IMG_1881-2-200x150.jpg 200w\" sizes=\"auto, (max-width: 349px) 100vw, 349px\" \/><\/a><\/p>\n<p>&nbsp;<\/p>\n","protected":false},"excerpt":{"rendered":"<p>Durant aquests dies els alumnes de P6 han pogut crear el seu superheroi a l&#8217;\u00e0rea d&#8217;ART&amp;CRAFT.<br \/>\nHa estat una activitat on han fet servir diferents t\u00e8cniques: pintura, retalls, i altres materials on fent servir la seva imaginaci\u00f3 per a plasmar la seva creativitat. A m\u00e9s ho&hellip;  <a href=\"https:\/\/agora.xtec.cat\/ceip-antoni-gaudi\/general\/superheroi-a-artcraft\/\" title=\"Read Superheroi a ART&#038;CRAFT !\">Llegeix m\u00e9s\u00bb<\/a><\/p>\n","protected":false},"author":5,"featured_media":6413,"comment_status":"open","ping_status":"closed","sticky":false,"template":"","format":"standard","meta":{"_bbp_topic_count":0,"_bbp_reply_count":0,"_bbp_total_topic_count":0,"_bbp_total_reply_count":0,"_bbp_voice_count":0,"_bbp_anonymous_reply_count":0,"_bbp_topic_count_hidden":0,"_bbp_reply_count_hidden":0,"_bbp_forum_subforum_count":0,"footnotes":""},"categories":[1,15,4,229,5],"tags":[],"class_list":["post-6410","post","type-post","status-publish","format-standard","has-post-thumbnail","hentry","category-general","category-p6","category-portada","category-portada-portada","category-primaria"],"post_mailing_queue_ids":[],"_links":{"self":[{"href":"https:\/\/agora.xtec.cat\/ceip-antoni-gaudi\/wp-json\/wp\/v2\/posts\/6410","targetHints":{"allow":["GET"]}}],"collection":[{"href":"https:\/\/agora.xtec.cat\/ceip-antoni-gaudi\/wp-json\/wp\/v2\/posts"}],"about":[{"href":"https:\/\/agora.xtec.cat\/ceip-antoni-gaudi\/wp-json\/wp\/v2\/types\/post"}],"author":[{"embeddable":true,"href":"https:\/\/agora.xtec.cat\/ceip-antoni-gaudi\/wp-json\/wp\/v2\/users\/5"}],"replies":[{"embeddable":true,"href":"https:\/\/agora.xtec.cat\/ceip-antoni-gaudi\/wp-json\/wp\/v2\/comments?post=6410"}],"version-history":[{"count":3,"href":"https:\/\/agora.xtec.cat\/ceip-antoni-gaudi\/wp-json\/wp\/v2\/posts\/6410\/revisions"}],"predecessor-version":[{"id":6415,"href":"https:\/\/agora.xtec.cat\/ceip-antoni-gaudi\/wp-json\/wp\/v2\/posts\/6410\/revisions\/6415"}],"wp:featuredmedia":[{"embeddable":true,"href":"https:\/\/agora.xtec.cat\/ceip-antoni-gaudi\/wp-json\/wp\/v2\/media\/6413"}],"wp:attachment":[{"href":"https:\/\/agora.xtec.cat\/ceip-antoni-gaudi\/wp-json\/wp\/v2\/media?parent=6410"}],"wp:term":[{"taxonomy":"category","embeddable":true,"href":"https:\/\/agora.xtec.cat\/ceip-antoni-gaudi\/wp-json\/wp\/v2\/categories?post=6410"},{"taxonomy":"post_tag","embeddable":true,"href":"https:\/\/agora.xtec.cat\/ceip-antoni-gaudi\/wp-json\/wp\/v2\/tags?post=6410"}],"curies":[{"name":"wp","href":"https:\/\/api.w.org\/{rel}","templated":true}]}}