{"id":6386,"date":"2023-10-11T09:44:45","date_gmt":"2023-10-11T07:44:45","guid":{"rendered":"https:\/\/agora.xtec.cat\/ceip-antoni-gaudi\/?p=6386"},"modified":"2023-10-11T09:44:45","modified_gmt":"2023-10-11T07:44:45","slug":"com-hem-canviat","status":"publish","type":"post","link":"https:\/\/agora.xtec.cat\/ceip-antoni-gaudi\/general\/com-hem-canviat\/","title":{"rendered":"COM HEM CANVIAT!!!"},"content":{"rendered":"<p>Aquests dies a les estones de Medi, els alumnes de primer, estem treballant El pas del temps. Tots i totes hem dut a l&#8217;escola una fotografia de quan \u00e9rem nadons i les hem penjades en un mural. La majoria estem molt diferents i \u00e9s que hem canviat molt\u00edssim!!!!<\/p>\n<p>Hem jugat a recon\u00e8ixe&#8217;ns entre nosaltres i no ha estat gens f\u00e0cil per\u00f2 s\u00ed molt divertit.<\/p>\n<p>Clica la imatge per veure les fotografies.<\/p>\n<p><a href=\"https:\/\/photos.app.goo.gl\/SDWtW196aMY5dNZ57\" target=\"_blank\" rel=\"noopener\"><img loading=\"lazy\" decoding=\"async\" class=\"aligncenter size-medium wp-image-6387\" src=\"https:\/\/agora.xtec.cat\/ceip-antoni-gaudi\/wp-content\/uploads\/usu683\/2023\/10\/WhatsApp-Image-2023-10-08-at-12.46.57-1-225x300.jpg\" alt=\"\" width=\"225\" height=\"300\" srcset=\"https:\/\/agora.xtec.cat\/ceip-antoni-gaudi\/wp-content\/uploads\/usu683\/2023\/10\/WhatsApp-Image-2023-10-08-at-12.46.57-1-225x300.jpg 225w, https:\/\/agora.xtec.cat\/ceip-antoni-gaudi\/wp-content\/uploads\/usu683\/2023\/10\/WhatsApp-Image-2023-10-08-at-12.46.57-1-768x1024.jpg 768w, https:\/\/agora.xtec.cat\/ceip-antoni-gaudi\/wp-content\/uploads\/usu683\/2023\/10\/WhatsApp-Image-2023-10-08-at-12.46.57-1-1152x1536.jpg 1152w, https:\/\/agora.xtec.cat\/ceip-antoni-gaudi\/wp-content\/uploads\/usu683\/2023\/10\/WhatsApp-Image-2023-10-08-at-12.46.57-1.jpg 1200w\" sizes=\"auto, (max-width: 225px) 100vw, 225px\" \/><\/a><\/p>\n","protected":false},"excerpt":{"rendered":"<p>Aquests dies a les estones de Medi, els alumnes de primer, estem treballant El pas del temps. Tots i totes hem dut a l&#8217;escola una fotografia de quan \u00e9rem nadons i les hem penjades en un mural. La majoria estem molt diferents i \u00e9s que&hellip;  <a href=\"https:\/\/agora.xtec.cat\/ceip-antoni-gaudi\/general\/com-hem-canviat\/\" title=\"Read COM HEM CANVIAT!!!\">Llegeix m\u00e9s\u00bb<\/a><\/p>\n","protected":false},"author":4,"featured_media":0,"comment_status":"open","ping_status":"closed","sticky":false,"template":"","format":"standard","meta":{"_bbp_topic_count":0,"_bbp_reply_count":0,"_bbp_total_topic_count":0,"_bbp_total_reply_count":0,"_bbp_voice_count":0,"_bbp_anonymous_reply_count":0,"_bbp_topic_count_hidden":0,"_bbp_reply_count_hidden":0,"_bbp_forum_subforum_count":0,"footnotes":""},"categories":[1,10,4,229,5],"tags":[],"class_list":["post-6386","post","type-post","status-publish","format-standard","hentry","category-general","category-p1","category-portada","category-portada-portada","category-primaria"],"post_mailing_queue_ids":[],"_links":{"self":[{"href":"https:\/\/agora.xtec.cat\/ceip-antoni-gaudi\/wp-json\/wp\/v2\/posts\/6386","targetHints":{"allow":["GET"]}}],"collection":[{"href":"https:\/\/agora.xtec.cat\/ceip-antoni-gaudi\/wp-json\/wp\/v2\/posts"}],"about":[{"href":"https:\/\/agora.xtec.cat\/ceip-antoni-gaudi\/wp-json\/wp\/v2\/types\/post"}],"author":[{"embeddable":true,"href":"https:\/\/agora.xtec.cat\/ceip-antoni-gaudi\/wp-json\/wp\/v2\/users\/4"}],"replies":[{"embeddable":true,"href":"https:\/\/agora.xtec.cat\/ceip-antoni-gaudi\/wp-json\/wp\/v2\/comments?post=6386"}],"version-history":[{"count":2,"href":"https:\/\/agora.xtec.cat\/ceip-antoni-gaudi\/wp-json\/wp\/v2\/posts\/6386\/revisions"}],"predecessor-version":[{"id":6389,"href":"https:\/\/agora.xtec.cat\/ceip-antoni-gaudi\/wp-json\/wp\/v2\/posts\/6386\/revisions\/6389"}],"wp:attachment":[{"href":"https:\/\/agora.xtec.cat\/ceip-antoni-gaudi\/wp-json\/wp\/v2\/media?parent=6386"}],"wp:term":[{"taxonomy":"category","embeddable":true,"href":"https:\/\/agora.xtec.cat\/ceip-antoni-gaudi\/wp-json\/wp\/v2\/categories?post=6386"},{"taxonomy":"post_tag","embeddable":true,"href":"https:\/\/agora.xtec.cat\/ceip-antoni-gaudi\/wp-json\/wp\/v2\/tags?post=6386"}],"curies":[{"name":"wp","href":"https:\/\/api.w.org\/{rel}","templated":true}]}}