{"id":6338,"date":"2023-10-06T09:37:54","date_gmt":"2023-10-06T07:37:54","guid":{"rendered":"https:\/\/agora.xtec.cat\/ceip-antoni-gaudi\/?p=6338"},"modified":"2023-10-06T09:37:54","modified_gmt":"2023-10-06T07:37:54","slug":"racons-matematics-a-educacio-infantil","status":"publish","type":"post","link":"https:\/\/agora.xtec.cat\/ceip-antoni-gaudi\/general\/racons-matematics-a-educacio-infantil\/","title":{"rendered":"Racons matem\u00e0tics a Educaci\u00f3 Infantil!"},"content":{"rendered":"<p>Els i les <span style=\"color: #99cc00;\"><strong>alumnes d\u2019Infantil<\/strong><\/span> gaudim de les matem\u00e0tiques\ud83e\uddee\u200b a trav\u00e9s del joc\ud83c\udfb2 i la manipulaci\u00f3! \ud83d\ude4c En grups redu\u00efts duem a terme diferents <span style=\"color: #ff6600;\"><strong>racons matem\u00e0tics<\/strong><\/span> on treballem aspectes com la numeraci\u00f3\ud83d\udd22\u200b, el c\u00e0lcul\u2795\u200b, la l\u00f2gica\ud83d\udca1 i la geometria \ud83d\udfe0\u200b\ud83d\udfea\u200b\u200b\u200b\ud83d\udd3a.<\/p>\n<p>Cliqueu a les imatges\ud83d\udcf8 per veure\u2019ns en acci\u00f3!<\/p>\n<p><span style=\"text-align: justify;\"><a href=\"https:\/\/photos.app.goo.gl\/gnxPQkApiAXURwoG6\"><img loading=\"lazy\" decoding=\"async\" class=\"alignleft wp-image-6369\" style=\"color: #222222;\" src=\"https:\/\/agora.xtec.cat\/ceip-antoni-gaudi\/wp-content\/uploads\/usu683\/2023\/10\/foto-web-1-300x212.jpg\" alt=\"\" width=\"190\" height=\"134\" srcset=\"https:\/\/agora.xtec.cat\/ceip-antoni-gaudi\/wp-content\/uploads\/usu683\/2023\/10\/foto-web-1-300x212.jpg 300w, https:\/\/agora.xtec.cat\/ceip-antoni-gaudi\/wp-content\/uploads\/usu683\/2023\/10\/foto-web-1-1024x724.jpg 1024w, https:\/\/agora.xtec.cat\/ceip-antoni-gaudi\/wp-content\/uploads\/usu683\/2023\/10\/foto-web-1-768x543.jpg 768w, https:\/\/agora.xtec.cat\/ceip-antoni-gaudi\/wp-content\/uploads\/usu683\/2023\/10\/foto-web-1-1536x1086.jpg 1536w, https:\/\/agora.xtec.cat\/ceip-antoni-gaudi\/wp-content\/uploads\/usu683\/2023\/10\/foto-web-1.jpg 1750w\" sizes=\"auto, (max-width: 190px) 100vw, 190px\" \/><\/a><a style=\"text-align: justify;\" href=\"https:\/\/photos.app.goo.gl\/8Kt9c4Upmeqgh5ea8\"><img loading=\"lazy\" decoding=\"async\" class=\"alignleft wp-image-6339\" src=\"https:\/\/agora.xtec.cat\/ceip-antoni-gaudi\/wp-content\/uploads\/usu683\/2023\/10\/foto-web-300x212.jpg\" alt=\"\" width=\"182\" height=\"129\" srcset=\"https:\/\/agora.xtec.cat\/ceip-antoni-gaudi\/wp-content\/uploads\/usu683\/2023\/10\/foto-web-300x212.jpg 300w, https:\/\/agora.xtec.cat\/ceip-antoni-gaudi\/wp-content\/uploads\/usu683\/2023\/10\/foto-web-1024x724.jpg 1024w, https:\/\/agora.xtec.cat\/ceip-antoni-gaudi\/wp-content\/uploads\/usu683\/2023\/10\/foto-web-768x543.jpg 768w, https:\/\/agora.xtec.cat\/ceip-antoni-gaudi\/wp-content\/uploads\/usu683\/2023\/10\/foto-web-1536x1086.jpg 1536w, https:\/\/agora.xtec.cat\/ceip-antoni-gaudi\/wp-content\/uploads\/usu683\/2023\/10\/foto-web.jpg 2000w\" sizes=\"auto, (max-width: 182px) 100vw, 182px\" \/><\/a><\/span><a href=\"https:\/\/photos.app.goo.gl\/Krpje1RPe3W8C8JA9\"><img loading=\"lazy\" decoding=\"async\" class=\"alignleft wp-image-6350\" src=\"https:\/\/agora.xtec.cat\/ceip-antoni-gaudi\/wp-content\/uploads\/usu683\/2023\/10\/i5-1-300x225.png\" alt=\"\" width=\"176\" height=\"132\" srcset=\"https:\/\/agora.xtec.cat\/ceip-antoni-gaudi\/wp-content\/uploads\/usu683\/2023\/10\/i5-1-300x225.png 300w, https:\/\/agora.xtec.cat\/ceip-antoni-gaudi\/wp-content\/uploads\/usu683\/2023\/10\/i5-1-1024x768.png 1024w, https:\/\/agora.xtec.cat\/ceip-antoni-gaudi\/wp-content\/uploads\/usu683\/2023\/10\/i5-1-768x576.png 768w, https:\/\/agora.xtec.cat\/ceip-antoni-gaudi\/wp-content\/uploads\/usu683\/2023\/10\/i5-1-1536x1153.png 1536w, https:\/\/agora.xtec.cat\/ceip-antoni-gaudi\/wp-content\/uploads\/usu683\/2023\/10\/i5-1-200x150.png 200w, https:\/\/agora.xtec.cat\/ceip-antoni-gaudi\/wp-content\/uploads\/usu683\/2023\/10\/i5-1.png 1599w\" sizes=\"auto, (max-width: 176px) 100vw, 176px\" \/><\/a><\/p>\n","protected":false},"excerpt":{"rendered":"<p>Els i les alumnes d\u2019Infantil gaudim de les matem\u00e0tiques\ud83e\uddee\u200b a trav\u00e9s del joc\ud83c\udfb2 i la manipulaci\u00f3! \ud83d\ude4c En grups redu\u00efts duem a terme diferents racons matem\u00e0tics on treballem aspectes com la numeraci\u00f3\ud83d\udd22\u200b, el c\u00e0lcul\u2795\u200b, la l\u00f2gica\ud83d\udca1 i la geometria \ud83d\udfe0\u200b\ud83d\udfea\u200b\u200b\u200b\ud83d\udd3a.<br \/>\nCliqueu a les imatges\ud83d\udcf8 per veure\u2019ns&hellip;  <a href=\"https:\/\/agora.xtec.cat\/ceip-antoni-gaudi\/general\/racons-matematics-a-educacio-infantil\/\" title=\"Read Racons matem\u00e0tics a Educaci\u00f3 Infantil!\">Llegeix m\u00e9s\u00bb<\/a><\/p>\n","protected":false},"author":6,"featured_media":0,"comment_status":"open","ping_status":"closed","sticky":false,"template":"","format":"standard","meta":{"_bbp_topic_count":0,"_bbp_reply_count":0,"_bbp_total_topic_count":0,"_bbp_total_reply_count":0,"_bbp_voice_count":0,"_bbp_anonymous_reply_count":0,"_bbp_topic_count_hidden":0,"_bbp_reply_count_hidden":0,"_bbp_forum_subforum_count":0,"footnotes":""},"categories":[1,3,8,9,2,4,229],"tags":[],"class_list":["post-6338","post","type-post","status-publish","format-standard","hentry","category-general","category-i3","category-i4","category-i5","category-infantil","category-portada","category-portada-portada"],"post_mailing_queue_ids":[],"_links":{"self":[{"href":"https:\/\/agora.xtec.cat\/ceip-antoni-gaudi\/wp-json\/wp\/v2\/posts\/6338","targetHints":{"allow":["GET"]}}],"collection":[{"href":"https:\/\/agora.xtec.cat\/ceip-antoni-gaudi\/wp-json\/wp\/v2\/posts"}],"about":[{"href":"https:\/\/agora.xtec.cat\/ceip-antoni-gaudi\/wp-json\/wp\/v2\/types\/post"}],"author":[{"embeddable":true,"href":"https:\/\/agora.xtec.cat\/ceip-antoni-gaudi\/wp-json\/wp\/v2\/users\/6"}],"replies":[{"embeddable":true,"href":"https:\/\/agora.xtec.cat\/ceip-antoni-gaudi\/wp-json\/wp\/v2\/comments?post=6338"}],"version-history":[{"count":6,"href":"https:\/\/agora.xtec.cat\/ceip-antoni-gaudi\/wp-json\/wp\/v2\/posts\/6338\/revisions"}],"predecessor-version":[{"id":6375,"href":"https:\/\/agora.xtec.cat\/ceip-antoni-gaudi\/wp-json\/wp\/v2\/posts\/6338\/revisions\/6375"}],"wp:attachment":[{"href":"https:\/\/agora.xtec.cat\/ceip-antoni-gaudi\/wp-json\/wp\/v2\/media?parent=6338"}],"wp:term":[{"taxonomy":"category","embeddable":true,"href":"https:\/\/agora.xtec.cat\/ceip-antoni-gaudi\/wp-json\/wp\/v2\/categories?post=6338"},{"taxonomy":"post_tag","embeddable":true,"href":"https:\/\/agora.xtec.cat\/ceip-antoni-gaudi\/wp-json\/wp\/v2\/tags?post=6338"}],"curies":[{"name":"wp","href":"https:\/\/api.w.org\/{rel}","templated":true}]}}